{"id":10013,"date":"2014-05-27T12:04:11","date_gmt":"2014-05-27T10:04:11","guid":{"rendered":"http:\/\/sw-osterfeine.de\/?p=10013"},"modified":"2014-05-27T12:04:11","modified_gmt":"2014-05-27T10:04:11","slug":"sr-kompaktlehrgang-in-ankum-in-vier-tagen-zum-sr","status":"publish","type":"post","link":"https:\/\/sw-osterfeine.de\/?p=10013","title":{"rendered":"SR-Kompaktlehrgang in Ankum &#8211; In vier Tagen zum SR"},"content":{"rendered":"<p>Der NFV Kreis OS-Land bietet einen SR-Anw\u00e4rterlehrgang in kompakter Form an.\u00a0Dieser findet in diesem Jahr in Ankum statt und nach R\u00fccksprache mit dem\u00a0Kreis-SR-Obmann von Osnabr\u00fcck k\u00f6nnen dort wieder Personen aus unserem Verein teilnehmen.<br \/>\nDieses ist die schnellste M\u00f6glichkeit einen SR-Schein zu erhalten.<\/p>\n<p>Termine:<br \/>\nFr., 27.06.14, 18-22 Uhr<br \/>\nSa., 28.06.14, 9-16 Uhr<br \/>\nSo., 29.06.14, 9-16 Uhr<br \/>\nSo., 06.07.14, 10 Uhr (Pr\u00fcfung)<\/p>\n<p>Anmeldungen bis zum 15.06.14 bei<br \/>\nAndreas Robke<br \/>\n0178\/3606541<br \/>\narobke@gmx.de\u00a0<\/p>\n","protected":false},"excerpt":{"rendered":"<p>Der NFV Kreis OS-Land bietet einen SR-Anw\u00e4rterlehrgang in kompakter Form an.\u00a0Dieser findet in diesem Jahr in Ankum statt und nach R\u00fccksprache mit dem\u00a0Kreis-SR-Obmann von Osnabr\u00fcck k\u00f6nnen dort wieder Personen aus unserem Verein teilnehmen. Dieses ist die schnellste M\u00f6glichkeit einen SR-Schein zu erhalten. Termine: Fr., 27.06.14, 18-22 Uhr Sa., 28.06.14, 9-16 Uhr So., 29.06.14, 9-16 Uhr [&hellip;]<\/p>\n","protected":false},"author":3,"featured_media":0,"comment_status":"closed","ping_status":"closed","sticky":false,"template":"","format":"standard","meta":{"footnotes":""},"categories":[33],"tags":[],"_links":{"self":[{"href":"https:\/\/sw-osterfeine.de\/index.php?rest_route=\/wp\/v2\/posts\/10013"}],"collection":[{"href":"https:\/\/sw-osterfeine.de\/index.php?rest_route=\/wp\/v2\/posts"}],"about":[{"href":"https:\/\/sw-osterfeine.de\/index.php?rest_route=\/wp\/v2\/types\/post"}],"author":[{"embeddable":true,"href":"https:\/\/sw-osterfeine.de\/index.php?rest_route=\/wp\/v2\/users\/3"}],"replies":[{"embeddable":true,"href":"https:\/\/sw-osterfeine.de\/index.php?rest_route=%2Fwp%2Fv2%2Fcomments&post=10013"}],"version-history":[{"count":2,"href":"https:\/\/sw-osterfeine.de\/index.php?rest_route=\/wp\/v2\/posts\/10013\/revisions"}],"predecessor-version":[{"id":10015,"href":"https:\/\/sw-osterfeine.de\/index.php?rest_route=\/wp\/v2\/posts\/10013\/revisions\/10015"}],"wp:attachment":[{"href":"https:\/\/sw-osterfeine.de\/index.php?rest_route=%2Fwp%2Fv2%2Fmedia&parent=10013"}],"wp:term":[{"taxonomy":"category","embeddable":true,"href":"https:\/\/sw-osterfeine.de\/index.php?rest_route=%2Fwp%2Fv2%2Fcategories&post=10013"},{"taxonomy":"post_tag","embeddable":true,"href":"https:\/\/sw-osterfeine.de\/index.php?rest_route=%2Fwp%2Fv2%2Ftags&post=10013"}],"curies":[{"name":"wp","href":"https:\/\/api.w.org\/{rel}","templated":true}]}}