{"id":10059,"date":"2014-06-03T12:14:15","date_gmt":"2014-06-03T10:14:15","guid":{"rendered":"http:\/\/sw-osterfeine.de\/?p=10059"},"modified":"2014-06-03T12:14:15","modified_gmt":"2014-06-03T10:14:15","slug":"lauftreff-startete-beim-om-dreikampf-am-vergangenen-sonntag-in-lohne","status":"publish","type":"post","link":"https:\/\/sw-osterfeine.de\/?p=10059","title":{"rendered":"Lauftreff startete beim OM-Dreikampf am vergangenen Sonntag in Lohne"},"content":{"rendered":"<p>Etwas Abwechslung schadet ja bekanntlich selten und deshalb haben wir uns statt des standardm\u00e4\u00dfigen Laufens am vergangenen Sonntag dem &#8222;Triathlon&#8220; vorgenommen. Allerdings hei\u00dft diese Veranstaltung offiziell Dreikampf, da diese nicht als offizielle Triathlon Veranstaltung beim Leichtathletik Verband angemeldet ist, was leider auch zur Folge hat, das alle registrierten Triathleten nicht starten d\u00fcrfen, entsprechend gering war die Resonanz! Dennoch, die zu absolvierenden Sportarten sind komplett identisch: 500 m schwimmen, 17,2 km Rad fahren und 5 km laufen.<br \/>\nUnter der Verantwortung vom erfahrenen Zeitmess-Team der erfundaus.de und der Schirmherrschaft von GW-Brockdorf war der Start im Waldbad Lohne angesetzt, von der dortigen Wechselzone aus ging es per pedes \u00fcber eine 4fachen Rundkurs durch Lohne\/Zerhusen und anschliessend wieder ab Waldbad laufend durch die sch\u00f6nen Hopener Waldanlagen.<!--more--><br \/>\nAlles in allem war es bei frischem, sonnigen Wetter eine sch\u00f6ne Abwechlsung zum normalen L\u00e4uferalltag und eine gelungene und gut organisierte Veranstaltung. Leider gibt es laut Auskunft des Veranstalters Klaus Wolking f\u00fcr das kommende Jahr keine Wiederholung, Schade!<\/p>\n<p>Ergebnisse der SWO Starter:<\/p>\n<p>Bernd Schildmeyer, Platz 10 \/ Schwimmen 16:11,73 min \/ Rad fahren 33:35,45 min. \/ Laufen 26:09,15 min. \/ GESAMT 1:15:56 Std.<br \/>\nTheo M\u00f6nnich, Platz 12 \/ Schwimmen 13:50,64 min. \/ Rad fahren 37:35,75 min. \/ Laufen 30:34,56 min. \/ Gesamt 1:22:00 Std.<\/p>\n<p><a href=\"https:\/\/sw-osterfeine.de\/wp-content\/uploads\/2014\/06\/Fotoe23.jpg\" data-rel=\"lightbox-image-0\" data-rl_title=\"\" data-rl_caption=\"\"><img loading=\"lazy\" decoding=\"async\" class=\"size-medium wp-image-10060 aligncenter\" title=\"\" src=\"https:\/\/sw-osterfeine.de\/wp-content\/uploads\/2014\/06\/Fotoe23-300x225.jpg\" alt=\"\" width=\"300\" height=\"225\" srcset=\"https:\/\/sw-osterfeine.de\/wp-content\/uploads\/2014\/06\/Fotoe23-300x225.jpg 300w, https:\/\/sw-osterfeine.de\/wp-content\/uploads\/2014\/06\/Fotoe23.jpg 1000w\" sizes=\"(max-width: 300px) 100vw, 300px\" \/><\/a><br \/>\nDie n\u00e4chsten Lauftermine:<\/p>\n<p>Freitag 06.06.2014 \/ OSC-Pfingstlauf<br \/>\nSamstag 14.06.2014 \/ Missionslauf Visbek<\/p>\n<p>Euer Lauftreff SW Osterfeine!<\/p>\n","protected":false},"excerpt":{"rendered":"<p>Etwas Abwechslung schadet ja bekanntlich selten und deshalb haben wir uns statt des standardm\u00e4\u00dfigen Laufens am vergangenen Sonntag dem &#8222;Triathlon&#8220; vorgenommen. Allerdings hei\u00dft diese Veranstaltung offiziell Dreikampf, da diese nicht als offizielle Triathlon Veranstaltung beim Leichtathletik Verband angemeldet ist, was leider auch zur Folge hat, das alle registrierten Triathleten nicht starten d\u00fcrfen, entsprechend gering war [&hellip;]<\/p>\n","protected":false},"author":3,"featured_media":0,"comment_status":"closed","ping_status":"closed","sticky":false,"template":"","format":"standard","meta":{"footnotes":""},"categories":[38],"tags":[],"_links":{"self":[{"href":"https:\/\/sw-osterfeine.de\/index.php?rest_route=\/wp\/v2\/posts\/10059"}],"collection":[{"href":"https:\/\/sw-osterfeine.de\/index.php?rest_route=\/wp\/v2\/posts"}],"about":[{"href":"https:\/\/sw-osterfeine.de\/index.php?rest_route=\/wp\/v2\/types\/post"}],"author":[{"embeddable":true,"href":"https:\/\/sw-osterfeine.de\/index.php?rest_route=\/wp\/v2\/users\/3"}],"replies":[{"embeddable":true,"href":"https:\/\/sw-osterfeine.de\/index.php?rest_route=%2Fwp%2Fv2%2Fcomments&post=10059"}],"version-history":[{"count":4,"href":"https:\/\/sw-osterfeine.de\/index.php?rest_route=\/wp\/v2\/posts\/10059\/revisions"}],"predecessor-version":[{"id":10064,"href":"https:\/\/sw-osterfeine.de\/index.php?rest_route=\/wp\/v2\/posts\/10059\/revisions\/10064"}],"wp:attachment":[{"href":"https:\/\/sw-osterfeine.de\/index.php?rest_route=%2Fwp%2Fv2%2Fmedia&parent=10059"}],"wp:term":[{"taxonomy":"category","embeddable":true,"href":"https:\/\/sw-osterfeine.de\/index.php?rest_route=%2Fwp%2Fv2%2Fcategories&post=10059"},{"taxonomy":"post_tag","embeddable":true,"href":"https:\/\/sw-osterfeine.de\/index.php?rest_route=%2Fwp%2Fv2%2Ftags&post=10059"}],"curies":[{"name":"wp","href":"https:\/\/api.w.org\/{rel}","templated":true}]}}