{"id":10084,"date":"2014-06-08T14:17:32","date_gmt":"2014-06-08T12:17:32","guid":{"rendered":"http:\/\/sw-osterfeine.de\/?p=10084"},"modified":"2014-06-08T14:17:32","modified_gmt":"2014-06-08T12:17:32","slug":"thorsten-dunnemann-neuer-co-trainer-bei-sw-osterfeine-i","status":"publish","type":"post","link":"https:\/\/sw-osterfeine.de\/?p=10084","title":{"rendered":"Thorsten D\u00fcnnemann neuer Co-Trainer bei SW Osterfeine I"},"content":{"rendered":"<p>Nachfolger von Christian Hellebusch als Co-Trainer von SW Osterfeine I wird mit Beginn der Spielserie 2013\/2014 Thorsten D\u00fcnnemann. Thorsten ist 35 Jahre alt und wohnt seit Mai 2014 in D\u00fcmmerlohausen. Der TUS Wagenfeld ist sein Heimatverein, wo er bis vor einer Woche in der Bezirksliga als Defensivspieler in Abwehr oder Mittelfeld lange Jahre aktiv war.<\/p>\n<p>Wir freuen uns \u00fcber die Zusage von Thorsten und w\u00fcnschen ihm eine gute Zeit bei Schwarz-Wei\u00df Osterfeine.<\/p>\n","protected":false},"excerpt":{"rendered":"<p>Nachfolger von Christian Hellebusch als Co-Trainer von SW Osterfeine I wird mit Beginn der Spielserie 2013\/2014 Thorsten D\u00fcnnemann. Thorsten ist 35 Jahre alt und wohnt seit Mai 2014 in D\u00fcmmerlohausen. Der TUS Wagenfeld ist sein Heimatverein, wo er bis vor einer Woche in der Bezirksliga als Defensivspieler in Abwehr oder Mittelfeld lange Jahre aktiv war. [&hellip;]<\/p>\n","protected":false},"author":3,"featured_media":0,"comment_status":"closed","ping_status":"closed","sticky":false,"template":"","format":"standard","meta":{"footnotes":""},"categories":[3,37],"tags":[],"_links":{"self":[{"href":"https:\/\/sw-osterfeine.de\/index.php?rest_route=\/wp\/v2\/posts\/10084"}],"collection":[{"href":"https:\/\/sw-osterfeine.de\/index.php?rest_route=\/wp\/v2\/posts"}],"about":[{"href":"https:\/\/sw-osterfeine.de\/index.php?rest_route=\/wp\/v2\/types\/post"}],"author":[{"embeddable":true,"href":"https:\/\/sw-osterfeine.de\/index.php?rest_route=\/wp\/v2\/users\/3"}],"replies":[{"embeddable":true,"href":"https:\/\/sw-osterfeine.de\/index.php?rest_route=%2Fwp%2Fv2%2Fcomments&post=10084"}],"version-history":[{"count":2,"href":"https:\/\/sw-osterfeine.de\/index.php?rest_route=\/wp\/v2\/posts\/10084\/revisions"}],"predecessor-version":[{"id":10086,"href":"https:\/\/sw-osterfeine.de\/index.php?rest_route=\/wp\/v2\/posts\/10084\/revisions\/10086"}],"wp:attachment":[{"href":"https:\/\/sw-osterfeine.de\/index.php?rest_route=%2Fwp%2Fv2%2Fmedia&parent=10084"}],"wp:term":[{"taxonomy":"category","embeddable":true,"href":"https:\/\/sw-osterfeine.de\/index.php?rest_route=%2Fwp%2Fv2%2Fcategories&post=10084"},{"taxonomy":"post_tag","embeddable":true,"href":"https:\/\/sw-osterfeine.de\/index.php?rest_route=%2Fwp%2Fv2%2Ftags&post=10084"}],"curies":[{"name":"wp","href":"https:\/\/api.w.org\/{rel}","templated":true}]}}