{"id":10090,"date":"2014-06-08T14:20:04","date_gmt":"2014-06-08T12:20:04","guid":{"rendered":"http:\/\/sw-osterfeine.de\/?p=10090"},"modified":"2014-06-08T14:20:04","modified_gmt":"2014-06-08T12:20:04","slug":"geschaftsstelle-bei-sw-osterfeine-neu-besetzt","status":"publish","type":"post","link":"https:\/\/sw-osterfeine.de\/?p=10090","title":{"rendered":"Gesch\u00e4ftsstelle bei SW Osterfeine neu besetzt:"},"content":{"rendered":"<p>Seit Anfang Juni ist unsere Gesch\u00e4ftsstelle zu festen Zeiten besetzt.<\/p>\n<p><strong>Petra B\u00f6ckerstette<\/strong> unterst\u00fctzt Vorstand und alle Verantwortlichen und Mitglieder in der t\u00e4glichen Verwaltungs- und Vereinsarbeit. Dienstags von 8.00 bis 10.00 Uhr und freitags von 16.00 bis 18.00 Uhr steht Petra f\u00fcr den OSV und seine fast 1600 Mitglieder in der Gesch\u00e4ftsstelle in Osterfeine bei der Sporthalle f\u00fcr unsere Mitglieder zur Verf\u00fcgung.<\/p>\n<p>Bei Petra erhaltet ihr zuk\u00fcnftig die Stempel f\u00fcr den Vereinssport zur Vorlage bei der jeweiligen Krankenkasse.<\/p>\n<p>Petra erstellt Euch Bescheinigungen \u00fcber Eure Vereinsmitgliedschaft oder Eure \u00dcbungsleitert\u00e4tigkeit.<\/p>\n<p>Bei Petra erhalten unsere <strong>Trainer<\/strong> ab sofort die j\u00e4hrlichen <strong>Bescheinigungen<\/strong> f\u00fcr das Finanzamt. Damit der organisatorische Aufwand \u00fcberschaubar bleibt k\u00f6nnen die Bescheinigungen im <strong>Juni<\/strong> und <strong>Juli<\/strong> ausschlie\u00dflich in der Gesch\u00e4ftsstelle abgeholt werden<strong>. Nur in der Gesch\u00e4ftsstelle und nur in diesen Zeitraum.<\/strong><\/p>\n<p>Petra verwaltet zuk\u00fcnftig die komplette Terminveraltung im OSV. F\u00fcr Termine f\u00fcr Turniere, Clubraum, Sporthalle,\u00a0 Trainingslager beim OSV usw.\u00a0 ist Petra Ansprechpartnerin.<\/p>\n<p>Ihr habt Fragen oder W\u00fcnsche zum OSV in allen Bereichen? Meldet Euch bei Petra. Petra ist telefonisch erreichbar unter der Nummer 05491\/7566 oder unter der Mailadresse <a href=\"mailto:sw.osterfeine@t-online.de\">sw.osterfeine@t-online.de<\/a><\/p>\n","protected":false},"excerpt":{"rendered":"<p>Seit Anfang Juni ist unsere Gesch\u00e4ftsstelle zu festen Zeiten besetzt. Petra B\u00f6ckerstette unterst\u00fctzt Vorstand und alle Verantwortlichen und Mitglieder in der t\u00e4glichen Verwaltungs- und Vereinsarbeit. Dienstags von 8.00 bis 10.00 Uhr und freitags von 16.00 bis 18.00 Uhr steht Petra f\u00fcr den OSV und seine fast 1600 Mitglieder in der Gesch\u00e4ftsstelle in Osterfeine bei der [&hellip;]<\/p>\n","protected":false},"author":3,"featured_media":0,"comment_status":"closed","ping_status":"closed","sticky":false,"template":"","format":"standard","meta":{"footnotes":""},"categories":[37],"tags":[],"_links":{"self":[{"href":"https:\/\/sw-osterfeine.de\/index.php?rest_route=\/wp\/v2\/posts\/10090"}],"collection":[{"href":"https:\/\/sw-osterfeine.de\/index.php?rest_route=\/wp\/v2\/posts"}],"about":[{"href":"https:\/\/sw-osterfeine.de\/index.php?rest_route=\/wp\/v2\/types\/post"}],"author":[{"embeddable":true,"href":"https:\/\/sw-osterfeine.de\/index.php?rest_route=\/wp\/v2\/users\/3"}],"replies":[{"embeddable":true,"href":"https:\/\/sw-osterfeine.de\/index.php?rest_route=%2Fwp%2Fv2%2Fcomments&post=10090"}],"version-history":[{"count":2,"href":"https:\/\/sw-osterfeine.de\/index.php?rest_route=\/wp\/v2\/posts\/10090\/revisions"}],"predecessor-version":[{"id":10092,"href":"https:\/\/sw-osterfeine.de\/index.php?rest_route=\/wp\/v2\/posts\/10090\/revisions\/10092"}],"wp:attachment":[{"href":"https:\/\/sw-osterfeine.de\/index.php?rest_route=%2Fwp%2Fv2%2Fmedia&parent=10090"}],"wp:term":[{"taxonomy":"category","embeddable":true,"href":"https:\/\/sw-osterfeine.de\/index.php?rest_route=%2Fwp%2Fv2%2Fcategories&post=10090"},{"taxonomy":"post_tag","embeddable":true,"href":"https:\/\/sw-osterfeine.de\/index.php?rest_route=%2Fwp%2Fv2%2Ftags&post=10090"}],"curies":[{"name":"wp","href":"https:\/\/api.w.org\/{rel}","templated":true}]}}