{"id":10130,"date":"2014-06-15T22:02:05","date_gmt":"2014-06-15T20:02:05","guid":{"rendered":"http:\/\/sw-osterfeine.de\/?p=10130"},"modified":"2014-06-15T22:02:05","modified_gmt":"2014-06-15T20:02:05","slug":"neue-trainingsanzuge-fur-die-2-herren","status":"publish","type":"post","link":"https:\/\/sw-osterfeine.de\/?p=10130","title":{"rendered":"Neue Trainingsanz\u00fcge f\u00fcr die 2. Herren"},"content":{"rendered":"<p style=\"text-align: center;\"><a href=\"https:\/\/sw-osterfeine.de\/wp-content\/uploads\/2014\/06\/Unbenannt.png\" data-rel=\"lightbox-image-0\" data-rl_title=\"\" data-rl_caption=\"\"><img loading=\"lazy\" decoding=\"async\" class=\"aligncenter  wp-image-10131\" title=\"\" src=\"https:\/\/sw-osterfeine.de\/wp-content\/uploads\/2014\/06\/Unbenannt.png\" alt=\"\" width=\"1000\" height=\"240\" \/><\/a><\/p>\n<p>&nbsp;<\/p>\n<p>\u00dcber neue Trainingsanz\u00fcge freut sich unsere zweite Fu\u00dfball Herrenmannschaft und bedankt sich bei dem Sponsor Herrn Adolf Ey, Gesch\u00e4ftsf\u00fchrer und Inhaber der Firma Gamma Organisations und DV-Systemservice GmbH aus 32351 Stemwede-Dielingen.<\/p>\n","protected":false},"excerpt":{"rendered":"<p>&nbsp; \u00dcber neue Trainingsanz\u00fcge freut sich unsere zweite Fu\u00dfball Herrenmannschaft und bedankt sich bei dem Sponsor Herrn Adolf Ey, Gesch\u00e4ftsf\u00fchrer und Inhaber der Firma Gamma Organisations und DV-Systemservice GmbH aus 32351 Stemwede-Dielingen.<\/p>\n","protected":false},"author":3,"featured_media":0,"comment_status":"closed","ping_status":"closed","sticky":false,"template":"","format":"standard","meta":{"footnotes":""},"categories":[3,37],"tags":[],"_links":{"self":[{"href":"https:\/\/sw-osterfeine.de\/index.php?rest_route=\/wp\/v2\/posts\/10130"}],"collection":[{"href":"https:\/\/sw-osterfeine.de\/index.php?rest_route=\/wp\/v2\/posts"}],"about":[{"href":"https:\/\/sw-osterfeine.de\/index.php?rest_route=\/wp\/v2\/types\/post"}],"author":[{"embeddable":true,"href":"https:\/\/sw-osterfeine.de\/index.php?rest_route=\/wp\/v2\/users\/3"}],"replies":[{"embeddable":true,"href":"https:\/\/sw-osterfeine.de\/index.php?rest_route=%2Fwp%2Fv2%2Fcomments&post=10130"}],"version-history":[{"count":4,"href":"https:\/\/sw-osterfeine.de\/index.php?rest_route=\/wp\/v2\/posts\/10130\/revisions"}],"predecessor-version":[{"id":10135,"href":"https:\/\/sw-osterfeine.de\/index.php?rest_route=\/wp\/v2\/posts\/10130\/revisions\/10135"}],"wp:attachment":[{"href":"https:\/\/sw-osterfeine.de\/index.php?rest_route=%2Fwp%2Fv2%2Fmedia&parent=10130"}],"wp:term":[{"taxonomy":"category","embeddable":true,"href":"https:\/\/sw-osterfeine.de\/index.php?rest_route=%2Fwp%2Fv2%2Fcategories&post=10130"},{"taxonomy":"post_tag","embeddable":true,"href":"https:\/\/sw-osterfeine.de\/index.php?rest_route=%2Fwp%2Fv2%2Ftags&post=10130"}],"curies":[{"name":"wp","href":"https:\/\/api.w.org\/{rel}","templated":true}]}}