{"id":10158,"date":"2014-06-24T08:07:10","date_gmt":"2014-06-24T06:07:10","guid":{"rendered":"http:\/\/sw-osterfeine.de\/?p=10158"},"modified":"2014-06-24T08:07:10","modified_gmt":"2014-06-24T06:07:10","slug":"arbeitseinsatz-am-28-06-2014","status":"publish","type":"post","link":"https:\/\/sw-osterfeine.de\/?p=10158","title":{"rendered":"Arbeitseinsatz am 28.06.2014"},"content":{"rendered":"<p><strong>Liebe OSVer,<\/strong><\/p>\n<p><strong>\u00a0<\/strong><strong>am kommenden Samstag, den 28.6.2014 findet von 8.00 bis ca 14.00 Uhr ein gro\u00dfer Arbeitseinsatz auf dem Sportplatz statt.<\/strong><\/p>\n<p><strong>U.a. soll der gro\u00dfe Zaun hinter Platz 1 gerichtet werden und das Netz beim Zaun auf Platz 3 soll eingeh\u00e4ngt werden.<\/strong><\/p>\n<p><strong>Nehmt Euch einmal die Zeit, damit Euer Platz in einem Topzustand ist, und dass sich unsere Anlage f\u00fcr das B-Jugendturnier und die Sportwerbewoche\u00a0 sehen lassen kann.<\/strong><\/p>\n<p><strong>Gebt diese Info an alle Fu\u00dfballer weiter und meldet Euch kurz bei Bubble oder allen anderen Vorstandsmitgliedern wenn Ihr mitmachen wollt.<\/strong><\/p>\n","protected":false},"excerpt":{"rendered":"<p>Liebe OSVer, \u00a0am kommenden Samstag, den 28.6.2014 findet von 8.00 bis ca 14.00 Uhr ein gro\u00dfer Arbeitseinsatz auf dem Sportplatz statt. U.a. soll der gro\u00dfe Zaun hinter Platz 1 gerichtet werden und das Netz beim Zaun auf Platz 3 soll eingeh\u00e4ngt werden. Nehmt Euch einmal die Zeit, damit Euer Platz in einem Topzustand ist, und [&hellip;]<\/p>\n","protected":false},"author":3,"featured_media":0,"comment_status":"closed","ping_status":"closed","sticky":false,"template":"","format":"standard","meta":{"footnotes":""},"categories":[37],"tags":[],"_links":{"self":[{"href":"https:\/\/sw-osterfeine.de\/index.php?rest_route=\/wp\/v2\/posts\/10158"}],"collection":[{"href":"https:\/\/sw-osterfeine.de\/index.php?rest_route=\/wp\/v2\/posts"}],"about":[{"href":"https:\/\/sw-osterfeine.de\/index.php?rest_route=\/wp\/v2\/types\/post"}],"author":[{"embeddable":true,"href":"https:\/\/sw-osterfeine.de\/index.php?rest_route=\/wp\/v2\/users\/3"}],"replies":[{"embeddable":true,"href":"https:\/\/sw-osterfeine.de\/index.php?rest_route=%2Fwp%2Fv2%2Fcomments&post=10158"}],"version-history":[{"count":7,"href":"https:\/\/sw-osterfeine.de\/index.php?rest_route=\/wp\/v2\/posts\/10158\/revisions"}],"predecessor-version":[{"id":10165,"href":"https:\/\/sw-osterfeine.de\/index.php?rest_route=\/wp\/v2\/posts\/10158\/revisions\/10165"}],"wp:attachment":[{"href":"https:\/\/sw-osterfeine.de\/index.php?rest_route=%2Fwp%2Fv2%2Fmedia&parent=10158"}],"wp:term":[{"taxonomy":"category","embeddable":true,"href":"https:\/\/sw-osterfeine.de\/index.php?rest_route=%2Fwp%2Fv2%2Fcategories&post=10158"},{"taxonomy":"post_tag","embeddable":true,"href":"https:\/\/sw-osterfeine.de\/index.php?rest_route=%2Fwp%2Fv2%2Ftags&post=10158"}],"curies":[{"name":"wp","href":"https:\/\/api.w.org\/{rel}","templated":true}]}}