{"id":10175,"date":"2014-06-26T11:44:47","date_gmt":"2014-06-26T09:44:47","guid":{"rendered":"http:\/\/sw-osterfeine.de\/?p=10175"},"modified":"2014-06-26T11:44:47","modified_gmt":"2014-06-26T09:44:47","slug":"eine-abwechslungsreiche-strecke-herrliches-wetter-und-ein-treppchenplatz","status":"publish","type":"post","link":"https:\/\/sw-osterfeine.de\/?p=10175","title":{"rendered":"Eine abwechslungsreiche Strecke, herrliches Wetter und ein Treppchenplatz&#8230;"},"content":{"rendered":"<p>\u2026.erwartete 7 ambitionierte und bis in die Haarspitzen motivierte L\u00e4ufer vom Lauftreff SWO am vergangenen Samstag\u00a0 (14.06.) in Visbek. Der von der katholischen Kirchengemeinschaft St. Vitus veranstaltete und vom Lauftreff Visbek organisierte Missionslauf war bereits der zehnte dieser Art und brach bis dahin den Teilnehmerrekord, mit insgesamt 326 aktiven Walkern und L\u00e4ufern. Die wundersch\u00f6ne aber auch sehr, sehr anspruchsvolle Strecke \u00fcber Asphalt-, Schotter- und befestigtem Waldboden blieb auch noch Tage nach dem Lauf in den K\u00f6pfen aber auch in den Beinen unserer L\u00e4ufer h\u00e4ngen ;-).<\/p>\n<p>Start und Ziel direkt am Park \u201ePastors Wisk\u201c gelegen, h\u00e4tte man nicht besser w\u00e4hlen k\u00f6nnen. Entlang der Schillm\u00fchle, durch die Endeler Heide zur\u00fcck zum Park bot uns ein wunderbares Panorama.<\/p>\n<p>Unsere Malbmarathonis, die den Rundkurs von 10,6 km gleich zwei mal durchlaufen durften, erzielten grandiose Zeiten:<\/p>\n<p>Franz Steinkamp\u00a0\u00a0\u00a0\u00a0\u00a0\u00a0\u00a0\u00a0\u00a0 1:37:27\u00a0\u00a0\u00a0\u00a0\u00a0\u00a0\u00a0\u00a0\u00a0\u00a0\u00a0 Platz 6\u00a0\u00a0\u00a0\u00a0\u00a0\u00a0\u00a0\u00a0\u00a0\u00a0\u00a0\u00a0 AK.Pl. 3<br \/>\nDawid Wadulla \u00a0 \u00a0 \u00a0 \u00a0 \u00a0 \u00a0 \u00a0 1:45:16 \u00a0 \u00a0 \u00a0 \u00a0 \u00a0 \u00a0 Platz 14 \u00a0 \u00a0 \u00a0 \u00a0 \u00a0AK.Pl. 1<br \/>\nChristine Nienaber\u00a0\u00a0\u00a0\u00a0\u00a0\u00a0 2:01:25\u00a0\u00a0\u00a0\u00a0\u00a0\u00a0\u00a0\u00a0\u00a0\u00a0\u00a0 Platz 6\u00a0\u00a0\u00a0\u00a0\u00a0\u00a0\u00a0\u00a0\u00a0\u00a0\u00a0\u00a0 AK.Pl. 2<\/p>\n<p>TOLLE LEISTUNG!!<\/p>\n<p><!--more--><\/p>\n<p>Sichtlich verwundert und \u00fcberrascht war die Frau unseres 1. Vorsitzenden Maria, die es sogar bis auf\u00b4s Treppchen, und somit den LT Osterfeine auf eine Spitzenposition gebracht hat. (<em>Bubble jetzt bist du dran !!!)<\/em> Kompliment auch an Marina, die bereits in Lohne sowie beim Pfingstlauf um den Bergsee \u201eBlut geleckt\u201c und Ihren dritten Volkslauf mit bravour gemeistert hat.<\/p>\n<p>\u00a0Hansi Lapke\u00a0\u00a0\u00a0\u00a0\u00a0\u00a0\u00a0\u00a0\u00a0\u00a0\u00a0\u00a0\u00a0\u00a0\u00a0 51:23\u00a0\u00a0\u00a0\u00a0\u00a0\u00a0\u00a0\u00a0\u00a0\u00a0\u00a0\u00a0\u00a0\u00a0 Platz 15\u00a0\u00a0\u00a0\u00a0\u00a0\u00a0\u00a0\u00a0\u00a0\u00a0 AK.Pl. 6<br \/>\nFrank Nordmann \u00a0 \u00a0 \u00a0 57:58 \u00a0 \u00a0 \u00a0 \u00a0 \u00a0 \u00a0 \u00a0Platz 32\u00a0\u00a0\u00a0\u00a0\u00a0\u00a0\u00a0\u00a0\u00a0\u00a0 AK.Pl. 16<br \/>\nMaria, Piening \u00a0 \u00a0 \u00a0 \u00a0 \u00a0 \u00a055:23\u00a0\u00a0\u00a0\u00a0\u00a0\u00a0\u00a0\u00a0\u00a0\u00a0\u00a0\u00a0\u00a0\u00a0 Platz 3\u00a0\u00a0\u00a0\u00a0\u00a0\u00a0\u00a0\u00a0\u00a0\u00a0\u00a0\u00a0 AK.Pl. 2<br \/>\nMarina Freking \u00a0 \u00a0 \u00a0 \u00a0 \u00a068:54\u00a0\u00a0\u00a0\u00a0\u00a0\u00a0\u00a0\u00a0\u00a0\u00a0\u00a0\u00a0\u00a0\u00a0 Platz 22\u00a0\u00a0\u00a0\u00a0\u00a0\u00a0\u00a0\u00a0\u00a0\u00a0 AK.Pl. 7<\/p>\n<p>Das erworbene Preisgeld f\u00fcr den 3. Platz wurde sofort bestens investiert und alle L\u00e4ufer von SWO konnten ersch\u00f6pft aber zufrieden auf diesen sch\u00f6nen Lauf ansto\u00dfen.<\/p>\n\n\t\t<style type=\"text\/css\">\n\t\t\t#gallery-1 {\n\t\t\t\tmargin: auto;\n\t\t\t}\n\t\t\t#gallery-1 .gallery-item {\n\t\t\t\tfloat: left;\n\t\t\t\tmargin-top: 10px;\n\t\t\t\ttext-align: center;\n\t\t\t\twidth: 20%;\n\t\t\t}\n\t\t\t#gallery-1 img {\n\t\t\t\tborder: 2px solid #cfcfcf;\n\t\t\t}\n\t\t\t#gallery-1 .gallery-caption {\n\t\t\t\tmargin-left: 0;\n\t\t\t}\n\t\t\t\/* see gallery_shortcode() in wp-includes\/media.php *\/\n\t\t<\/style>\n\t\t<div id='gallery-1' class='gallery galleryid-10175 gallery-columns-5 gallery-size-thumbnail'><dl class='gallery-item'>\n\t\t\t<dt class='gallery-icon landscape'>\n\t\t\t\t<a href='https:\/\/sw-osterfeine.de\/wp-content\/uploads\/2014\/06\/Unbenannt4.jpg' title=\"\" data-rl_title=\"\" class=\"rl-gallery-link\" data-rl_caption=\"\" data-rel=\"lightbox-gallery-1\"><img loading=\"lazy\" decoding=\"async\" width=\"150\" height=\"150\" src=\"https:\/\/sw-osterfeine.de\/wp-content\/uploads\/2014\/06\/Unbenannt4-150x150.jpg\" class=\"attachment-thumbnail size-thumbnail\" alt=\"\" \/><\/a>\n\t\t\t<\/dt><\/dl><dl class='gallery-item'>\n\t\t\t<dt class='gallery-icon landscape'>\n\t\t\t\t<a href='https:\/\/sw-osterfeine.de\/wp-content\/uploads\/2014\/06\/Unbenannt3.jpg' title=\"\" data-rl_title=\"\" class=\"rl-gallery-link\" data-rl_caption=\"\" data-rel=\"lightbox-gallery-1\"><img loading=\"lazy\" decoding=\"async\" width=\"150\" height=\"150\" src=\"https:\/\/sw-osterfeine.de\/wp-content\/uploads\/2014\/06\/Unbenannt3-150x150.jpg\" class=\"attachment-thumbnail size-thumbnail\" alt=\"\" \/><\/a>\n\t\t\t<\/dt><\/dl><dl class='gallery-item'>\n\t\t\t<dt class='gallery-icon landscape'>\n\t\t\t\t<a href='https:\/\/sw-osterfeine.de\/wp-content\/uploads\/2014\/06\/Unbenannt2.jpg' title=\"\" data-rl_title=\"\" class=\"rl-gallery-link\" data-rl_caption=\"\" data-rel=\"lightbox-gallery-1\"><img loading=\"lazy\" decoding=\"async\" width=\"150\" height=\"150\" src=\"https:\/\/sw-osterfeine.de\/wp-content\/uploads\/2014\/06\/Unbenannt2-150x150.jpg\" class=\"attachment-thumbnail size-thumbnail\" alt=\"\" \/><\/a>\n\t\t\t<\/dt><\/dl><dl class='gallery-item'>\n\t\t\t<dt class='gallery-icon '>\n\t\t\t\t<a href='https:\/\/sw-osterfeine.de\/wp-content\/uploads\/2014\/06\/Unbenannt1.bmp' title=\"\" data-rl_title=\"\" class=\"rl-gallery-link\" data-rl_caption=\"\" data-rel=\"lightbox-gallery-1\"><img loading=\"lazy\" decoding=\"async\" width=\"1\" height=\"1\" src=\"https:\/\/sw-osterfeine.de\/wp-content\/uploads\/2014\/06\/Unbenannt1.bmp\" class=\"attachment-thumbnail size-thumbnail\" alt=\"\" \/><\/a>\n\t\t\t<\/dt><\/dl><dl class='gallery-item'>\n\t\t\t<dt class='gallery-icon '>\n\t\t\t\t<a href='https:\/\/sw-osterfeine.de\/wp-content\/uploads\/2014\/06\/Unbenannt.bmp' title=\"\" data-rl_title=\"\" class=\"rl-gallery-link\" data-rl_caption=\"\" data-rel=\"lightbox-gallery-1\"><img loading=\"lazy\" decoding=\"async\" width=\"1\" height=\"1\" src=\"https:\/\/sw-osterfeine.de\/wp-content\/uploads\/2014\/06\/Unbenannt.bmp\" class=\"attachment-thumbnail size-thumbnail\" alt=\"\" \/><\/a>\n\t\t\t<\/dt><\/dl><br style=\"clear: both\" \/>\n\t\t<\/div>\n\n","protected":false},"excerpt":{"rendered":"<p>\u2026.erwartete 7 ambitionierte und bis in die Haarspitzen motivierte L\u00e4ufer vom Lauftreff SWO am vergangenen Samstag\u00a0 (14.06.) in Visbek. Der von der katholischen Kirchengemeinschaft St. Vitus veranstaltete und vom Lauftreff Visbek organisierte Missionslauf war bereits der zehnte dieser Art und brach bis dahin den Teilnehmerrekord, mit insgesamt 326 aktiven Walkern und L\u00e4ufern. Die wundersch\u00f6ne aber [&hellip;]<\/p>\n","protected":false},"author":3,"featured_media":0,"comment_status":"closed","ping_status":"closed","sticky":false,"template":"","format":"standard","meta":{"footnotes":""},"categories":[38],"tags":[],"_links":{"self":[{"href":"https:\/\/sw-osterfeine.de\/index.php?rest_route=\/wp\/v2\/posts\/10175"}],"collection":[{"href":"https:\/\/sw-osterfeine.de\/index.php?rest_route=\/wp\/v2\/posts"}],"about":[{"href":"https:\/\/sw-osterfeine.de\/index.php?rest_route=\/wp\/v2\/types\/post"}],"author":[{"embeddable":true,"href":"https:\/\/sw-osterfeine.de\/index.php?rest_route=\/wp\/v2\/users\/3"}],"replies":[{"embeddable":true,"href":"https:\/\/sw-osterfeine.de\/index.php?rest_route=%2Fwp%2Fv2%2Fcomments&post=10175"}],"version-history":[{"count":2,"href":"https:\/\/sw-osterfeine.de\/index.php?rest_route=\/wp\/v2\/posts\/10175\/revisions"}],"predecessor-version":[{"id":10182,"href":"https:\/\/sw-osterfeine.de\/index.php?rest_route=\/wp\/v2\/posts\/10175\/revisions\/10182"}],"wp:attachment":[{"href":"https:\/\/sw-osterfeine.de\/index.php?rest_route=%2Fwp%2Fv2%2Fmedia&parent=10175"}],"wp:term":[{"taxonomy":"category","embeddable":true,"href":"https:\/\/sw-osterfeine.de\/index.php?rest_route=%2Fwp%2Fv2%2Fcategories&post=10175"},{"taxonomy":"post_tag","embeddable":true,"href":"https:\/\/sw-osterfeine.de\/index.php?rest_route=%2Fwp%2Fv2%2Ftags&post=10175"}],"curies":[{"name":"wp","href":"https:\/\/api.w.org\/{rel}","templated":true}]}}