{"id":10205,"date":"2014-06-29T19:44:46","date_gmt":"2014-06-29T17:44:46","guid":{"rendered":"http:\/\/sw-osterfeine.de\/?p=10205"},"modified":"2014-06-29T19:48:01","modified_gmt":"2014-06-29T17:48:01","slug":"trainingsauftakt-bei-der-b-jugend","status":"publish","type":"post","link":"https:\/\/sw-osterfeine.de\/?p=10205","title":{"rendered":"Trainingsauftakt bei der B-Jugend"},"content":{"rendered":"<p>Nach dem Spiel ist vor dem Spiel: Kaum ist die Freude zur gewonnenen Meisterschaft abgeklungen beginnt die Vorbereitung auf die neue Saison 2014\/2015. Alle k\u00fcnftigen Spieler der Jahrg\u00e4nge 1998 und 1999 finden sich am <strong>10. Juli<\/strong> (Donnerstag) um <strong>18:45<\/strong> Uhr zu einem ersten Training auf dem Sportplatz R\u00fcschendorf ein.<\/p>\n<p>Nach einer kurzen Sommerpause beginnen wir am 5. August (Dienstag) mit dem regul\u00e4ren Training. Ansprechpartner f\u00fcr die B-Jugend sind Trainer Hubert Pieper, Co-Trainer Heinrich Kruthaup und Betreuer Helmut &#8222;Bobby&#8220; Hellebusch.<\/p>\n<p style=\"text-align: right;\"><em>Heinrich Kruthaup<\/em><\/p>\n","protected":false},"excerpt":{"rendered":"<p>Nach dem Spiel ist vor dem Spiel: Kaum ist die Freude zur gewonnenen Meisterschaft abgeklungen beginnt die Vorbereitung auf die neue Saison 2014\/2015. Alle k\u00fcnftigen Spieler der Jahrg\u00e4nge 1998 und 1999 finden sich am 10. Juli (Donnerstag) um 18:45 Uhr zu einem ersten Training auf dem Sportplatz R\u00fcschendorf ein. Nach einer kurzen Sommerpause beginnen wir [&hellip;]<\/p>\n","protected":false},"author":3,"featured_media":0,"comment_status":"closed","ping_status":"closed","sticky":false,"template":"","format":"standard","meta":{"footnotes":""},"categories":[3],"tags":[63,66,64,65],"_links":{"self":[{"href":"https:\/\/sw-osterfeine.de\/index.php?rest_route=\/wp\/v2\/posts\/10205"}],"collection":[{"href":"https:\/\/sw-osterfeine.de\/index.php?rest_route=\/wp\/v2\/posts"}],"about":[{"href":"https:\/\/sw-osterfeine.de\/index.php?rest_route=\/wp\/v2\/types\/post"}],"author":[{"embeddable":true,"href":"https:\/\/sw-osterfeine.de\/index.php?rest_route=\/wp\/v2\/users\/3"}],"replies":[{"embeddable":true,"href":"https:\/\/sw-osterfeine.de\/index.php?rest_route=%2Fwp%2Fv2%2Fcomments&post=10205"}],"version-history":[{"count":8,"href":"https:\/\/sw-osterfeine.de\/index.php?rest_route=\/wp\/v2\/posts\/10205\/revisions"}],"predecessor-version":[{"id":10213,"href":"https:\/\/sw-osterfeine.de\/index.php?rest_route=\/wp\/v2\/posts\/10205\/revisions\/10213"}],"wp:attachment":[{"href":"https:\/\/sw-osterfeine.de\/index.php?rest_route=%2Fwp%2Fv2%2Fmedia&parent=10205"}],"wp:term":[{"taxonomy":"category","embeddable":true,"href":"https:\/\/sw-osterfeine.de\/index.php?rest_route=%2Fwp%2Fv2%2Fcategories&post=10205"},{"taxonomy":"post_tag","embeddable":true,"href":"https:\/\/sw-osterfeine.de\/index.php?rest_route=%2Fwp%2Fv2%2Ftags&post=10205"}],"curies":[{"name":"wp","href":"https:\/\/api.w.org\/{rel}","templated":true}]}}