{"id":10216,"date":"2014-06-30T10:05:40","date_gmt":"2014-06-30T08:05:40","guid":{"rendered":"http:\/\/sw-osterfeine.de\/?p=10216"},"modified":"2014-06-30T10:05:58","modified_gmt":"2014-06-30T08:05:58","slug":"kurz-und-knapp","status":"publish","type":"post","link":"https:\/\/sw-osterfeine.de\/?p=10216","title":{"rendered":"Kurz und Knapp"},"content":{"rendered":"<p>Ein gelungener Arbeitseinsatz brachte gro\u00dfe<\/p>\n<p>Fortschritte bei den Restarbeiten am neuen Zaun auf Platz III und bei der Reparatur des Zaunes auf Platz 1. Danke an alle Helfer unter der Leitung von Loko.<\/p>\n<p>Der erstmals durchgef\u00fchrte\u00a0 Saisonabschluss der Jugendfu\u00dfballer fand am Samstag gro\u00dfe Resonanz bei Kindern und Eltern. Bei Kaffee und Kuchen sowie Cola und Pommes kamen alle Beteiligten auf ihre Kosten. Der gelungene Nachmittag zeigte den gro\u00dfen Zusammenhalt im OSV und die Hoffnung und Zuversicht, dass auch in Zukunft der Fu\u00dfball in Osterfeine eine gute Perspektive hat. Ein besonderes Lob geht an alle Jugendtrainer und\u00a0 Betreuer, den Jugendvorstand und besonders an die Organisatoren des Saisonabschlusses unter der Leitung von Frank B\u00f6ckmann.<\/p>\n<p>Unterst\u00fctzung erhielt der Sportverein SW Osterfeine in Form von gro\u00dfz\u00fcgigen Ballspenden f\u00fcr den Vereinsfu\u00dfball:<\/p>\n<p>Die Firma Bergmann aus Steinfeld \u00fcberreichte durch ihren Mitarbeiter Steffen Kreymborg 2 gro\u00dfz\u00fcgig gef\u00fcllte Ballnetze an unsere Jugendfu\u00dfballer. Danke f\u00fcr die Unterst\u00fctzung.<\/p>\n<p>Ebenfalls eine gro\u00dfz\u00fcgige Ballspende lie\u00df die Firma Internorm aus Damme durch ihren Mitarbeiter Andreas Deters den OSV-Fu\u00dfballern zukommen. Im Namen aller Fu\u00dfballer sagen wir auch hier herzlich Danke f\u00fcr die Unterst\u00fctzung.<\/p>\n<p style=\"text-align: center;\"><a href=\"https:\/\/sw-osterfeine.de\/wp-content\/uploads\/2014\/06\/10464344_669934059748765_1420015246474754355_n1.jpg\" data-rel=\"lightbox-image-0\" data-rl_title=\"\" data-rl_caption=\"\"><img loading=\"lazy\" decoding=\"async\" class=\"aligncenter  wp-image-10218\" title=\"\" src=\"https:\/\/sw-osterfeine.de\/wp-content\/uploads\/2014\/06\/10464344_669934059748765_1420015246474754355_n1.jpg\" alt=\"\" width=\"300\" height=\"400\" srcset=\"https:\/\/sw-osterfeine.de\/wp-content\/uploads\/2014\/06\/10464344_669934059748765_1420015246474754355_n1.jpg 600w, https:\/\/sw-osterfeine.de\/wp-content\/uploads\/2014\/06\/10464344_669934059748765_1420015246474754355_n1-225x300.jpg 225w\" sizes=\"(max-width: 300px) 100vw, 300px\" \/><\/a><\/p>\n","protected":false},"excerpt":{"rendered":"<p>Ein gelungener Arbeitseinsatz brachte gro\u00dfe Fortschritte bei den Restarbeiten am neuen Zaun auf Platz III und bei der Reparatur des Zaunes auf Platz 1. Danke an alle Helfer unter der Leitung von Loko. Der erstmals durchgef\u00fchrte\u00a0 Saisonabschluss der Jugendfu\u00dfballer fand am Samstag gro\u00dfe Resonanz bei Kindern und Eltern. Bei Kaffee und Kuchen sowie Cola und [&hellip;]<\/p>\n","protected":false},"author":3,"featured_media":0,"comment_status":"closed","ping_status":"closed","sticky":false,"template":"","format":"standard","meta":{"footnotes":""},"categories":[3],"tags":[],"_links":{"self":[{"href":"https:\/\/sw-osterfeine.de\/index.php?rest_route=\/wp\/v2\/posts\/10216"}],"collection":[{"href":"https:\/\/sw-osterfeine.de\/index.php?rest_route=\/wp\/v2\/posts"}],"about":[{"href":"https:\/\/sw-osterfeine.de\/index.php?rest_route=\/wp\/v2\/types\/post"}],"author":[{"embeddable":true,"href":"https:\/\/sw-osterfeine.de\/index.php?rest_route=\/wp\/v2\/users\/3"}],"replies":[{"embeddable":true,"href":"https:\/\/sw-osterfeine.de\/index.php?rest_route=%2Fwp%2Fv2%2Fcomments&post=10216"}],"version-history":[{"count":5,"href":"https:\/\/sw-osterfeine.de\/index.php?rest_route=\/wp\/v2\/posts\/10216\/revisions"}],"predecessor-version":[{"id":10223,"href":"https:\/\/sw-osterfeine.de\/index.php?rest_route=\/wp\/v2\/posts\/10216\/revisions\/10223"}],"wp:attachment":[{"href":"https:\/\/sw-osterfeine.de\/index.php?rest_route=%2Fwp%2Fv2%2Fmedia&parent=10216"}],"wp:term":[{"taxonomy":"category","embeddable":true,"href":"https:\/\/sw-osterfeine.de\/index.php?rest_route=%2Fwp%2Fv2%2Fcategories&post=10216"},{"taxonomy":"post_tag","embeddable":true,"href":"https:\/\/sw-osterfeine.de\/index.php?rest_route=%2Fwp%2Fv2%2Ftags&post=10216"}],"curies":[{"name":"wp","href":"https:\/\/api.w.org\/{rel}","templated":true}]}}