{"id":1042,"date":"2009-06-06T10:10:06","date_gmt":"2009-06-06T09:10:06","guid":{"rendered":"http:\/\/sw-osterfeine.de\/?p=1042"},"modified":"2009-06-09T15:01:46","modified_gmt":"2009-06-09T14:01:46","slug":"sensationell-b-jugend-ist-kreispokalsieger","status":"publish","type":"post","link":"https:\/\/sw-osterfeine.de\/?p=1042","title":{"rendered":"Sensationell: B-Jugend ist Kreispokalsieger!!!"},"content":{"rendered":"<p>Am Freitag feierte unsere Fu\u00dfball B-Jugend im Endspiel des B-Jugendkreispokals einen tollen Erfolg. Mit 1:0 besiegten unsere Jungs den Gegner der SG Holdorf\/Handorf-Langenberg.<br \/>\n Vor f\u00fcr ein Jugendspiel \u00fcberragend vielen Zuschauern entschied ein Tor von Simon St\u00e4rk nach starker Vorarbeit von Simon Breitenstein ein extrem spannendes Spiel f\u00fcr SW Osterfeine. Obwohl der Gegner spieltechnisch und auch optisch einige Vorteile besa\u00df, entschied der mannschaftliche Kampfgeist das Spiel f\u00fcr Osterfeine. Einige Drangperioden wurde durch eben den Kampfgeist und mit einem sicheren Torwart Steffen Breitenstein gut \u00fcberstanden. Das Endspiel blieb jederzeit fair und wurde von Schiedsrichter Andre Kramer aus Damme sehr gut geleitet. Ruhig und gelassen lie\u00df er den Jugendlichen an diesem Abend den Vorrang.<br \/>\n Mit zunehmender Spieldauer entstand eine tolle Stimmung unter den Fans. Die jeweiligen Mannschaften wurden von ihren Fans toll unterst\u00fctzt. So war mit dem Schlusspfiff der Jubel bei den Osterfeinern nat\u00fcrlich riesengro\u00df. Nach dem ersten gro\u00dfen Jubel kam die Presse zu ihrem Recht und mit dem neuen Pokal gab es das Foto f\u00fcr die Zeitung. Nun begann eine tolle Jubelfeier auf dem Sportplatz mit einer Dauer von nochmals 90 Minuten. Es war sch\u00f6n zu verfolgen, wie toll und ausgelassen die Jungs gemeinsam mit ihrem Trainer\u00a0\u00a0 Reinhard Macke und ihrem Betreuer Hans-Dieter Kohake den Erfolg feierten. Sekt- und Bierdusche f\u00fcr Reinhard und Hans-Dieter, Humba-Ges\u00e4nge ohne Ende, unsere Jungs standen den Profis nichts nach. Anschlie\u00dfend wurde der Erfolg in den Szenekneipen der Osterfeiner Innenstadt weitergefeiert.<br \/>\n Zum Schluss noch mal Gl\u00fcckwunsch an Spieler, Trainer und Betreuer, Eltern und Fans der Mannschaft.<br \/>\n Wir w\u00fcnschen allen Spielern weiterhin viel Spa\u00df beim Fu\u00dfball im OSV und auf eurem sportlichen Weg.<\/p>\n<p><br class=\"spacer_\" \/><\/p>\n<p><a href=\"https:\/\/sw-osterfeine.de\/wp-content\/uploads\/2009\/06\/juni-2009-154-800x600.jpg\" data-rel=\"lightbox-image-0\" data-rl_title=\"\" data-rl_caption=\"\"><img loading=\"lazy\" decoding=\"async\" class=\"alignnone size-thumbnail wp-image-1057\" title=\"\" src=\"https:\/\/sw-osterfeine.de\/wp-content\/uploads\/2009\/06\/juni-2009-154-800x600-150x150.jpg\" alt=\"juni-2009-154-800x600\" width=\"150\" height=\"150\" \/><\/a><a href=\"https:\/\/sw-osterfeine.de\/wp-content\/uploads\/2009\/06\/juni-2009-142-800x600.jpg\" data-rel=\"lightbox-image-1\" data-rl_title=\"\" data-rl_caption=\"\"><img loading=\"lazy\" decoding=\"async\" class=\"alignnone size-thumbnail wp-image-1056\" title=\"\" src=\"https:\/\/sw-osterfeine.de\/wp-content\/uploads\/2009\/06\/juni-2009-142-800x600-150x150.jpg\" alt=\"juni-2009-142-800x600\" width=\"150\" height=\"150\" \/><\/a><a href=\"https:\/\/sw-osterfeine.de\/wp-content\/uploads\/2009\/06\/juni-2009-124-800x600.jpg\" data-rel=\"lightbox-image-2\" data-rl_title=\"\" data-rl_caption=\"\"><img loading=\"lazy\" decoding=\"async\" class=\"alignnone size-thumbnail wp-image-1055\" title=\"\" src=\"https:\/\/sw-osterfeine.de\/wp-content\/uploads\/2009\/06\/juni-2009-124-800x600-150x150.jpg\" alt=\"juni-2009-124-800x600\" width=\"150\" height=\"150\" \/><\/a><a href=\"https:\/\/sw-osterfeine.de\/wp-content\/uploads\/2009\/06\/juni-2009-116-800x600.jpg\" data-rel=\"lightbox-image-3\" data-rl_title=\"\" data-rl_caption=\"\"><img loading=\"lazy\" decoding=\"async\" class=\"alignnone size-thumbnail wp-image-1054\" title=\"\" src=\"https:\/\/sw-osterfeine.de\/wp-content\/uploads\/2009\/06\/juni-2009-116-800x600-150x150.jpg\" alt=\"juni-2009-116-800x600\" width=\"150\" height=\"150\" \/><\/a><\/p>\n<p><a href=\"https:\/\/sw-osterfeine.de\/wp-content\/uploads\/2009\/06\/juni-2009-112-800x600.jpg\" data-rel=\"lightbox-image-4\" data-rl_title=\"\" data-rl_caption=\"\"><img loading=\"lazy\" decoding=\"async\" class=\"alignnone size-thumbnail wp-image-1053\" title=\"\" src=\"https:\/\/sw-osterfeine.de\/wp-content\/uploads\/2009\/06\/juni-2009-112-800x600-150x150.jpg\" alt=\"juni-2009-112-800x600\" width=\"150\" height=\"150\" \/><\/a><a href=\"https:\/\/sw-osterfeine.de\/wp-content\/uploads\/2009\/06\/juni-2009-107-800x600.jpg\" data-rel=\"lightbox-image-5\" data-rl_title=\"\" data-rl_caption=\"\"><img loading=\"lazy\" decoding=\"async\" class=\"alignnone size-thumbnail wp-image-1051\" title=\"\" src=\"https:\/\/sw-osterfeine.de\/wp-content\/uploads\/2009\/06\/juni-2009-107-800x600-150x150.jpg\" alt=\"juni-2009-107-800x600\" width=\"150\" height=\"150\" \/><\/a><a href=\"https:\/\/sw-osterfeine.de\/wp-content\/uploads\/2009\/06\/juni-2009-100-800x600.jpg\" data-rel=\"lightbox-image-6\" data-rl_title=\"\" data-rl_caption=\"\"><img loading=\"lazy\" decoding=\"async\" class=\"alignnone size-thumbnail wp-image-1050\" title=\"\" src=\"https:\/\/sw-osterfeine.de\/wp-content\/uploads\/2009\/06\/juni-2009-100-800x600-150x150.jpg\" alt=\"juni-2009-100-800x600\" width=\"150\" height=\"150\" \/><\/a><a href=\"https:\/\/sw-osterfeine.de\/wp-content\/uploads\/2009\/06\/juni-2009-093-800x600.jpg\" data-rel=\"lightbox-image-7\" data-rl_title=\"\" data-rl_caption=\"\"><img loading=\"lazy\" decoding=\"async\" class=\"alignnone size-thumbnail wp-image-1049\" title=\"\" src=\"https:\/\/sw-osterfeine.de\/wp-content\/uploads\/2009\/06\/juni-2009-093-800x600-150x150.jpg\" alt=\"juni-2009-093-800x600\" width=\"150\" height=\"150\" \/><\/a><\/p>\n<p><a href=\"https:\/\/sw-osterfeine.de\/wp-content\/uploads\/2009\/06\/juni-2009-085-800x600.jpg\" data-rel=\"lightbox-image-8\" data-rl_title=\"\" data-rl_caption=\"\"><img loading=\"lazy\" decoding=\"async\" class=\"alignnone size-thumbnail wp-image-1048\" title=\"\" src=\"https:\/\/sw-osterfeine.de\/wp-content\/uploads\/2009\/06\/juni-2009-085-800x600-150x150.jpg\" alt=\"juni-2009-085-800x600\" width=\"150\" height=\"150\" \/><\/a><a href=\"https:\/\/sw-osterfeine.de\/wp-content\/uploads\/2009\/06\/juni-2009-083-800x600.jpg\" data-rel=\"lightbox-image-9\" data-rl_title=\"\" data-rl_caption=\"\"><img loading=\"lazy\" decoding=\"async\" class=\"alignnone size-thumbnail wp-image-1047\" title=\"\" src=\"https:\/\/sw-osterfeine.de\/wp-content\/uploads\/2009\/06\/juni-2009-083-800x600-150x150.jpg\" alt=\"juni-2009-083-800x600\" width=\"150\" height=\"150\" \/><\/a><a href=\"https:\/\/sw-osterfeine.de\/wp-content\/uploads\/2009\/06\/juni-2009-034-800x600.jpg\" data-rel=\"lightbox-image-10\" data-rl_title=\"\" data-rl_caption=\"\"><img loading=\"lazy\" decoding=\"async\" class=\"alignnone size-thumbnail wp-image-1046\" title=\"\" src=\"https:\/\/sw-osterfeine.de\/wp-content\/uploads\/2009\/06\/juni-2009-034-800x600-150x150.jpg\" alt=\"juni-2009-034-800x600\" width=\"150\" height=\"150\" \/><a href=\"https:\/\/sw-osterfeine.de\/wp-content\/uploads\/2009\/06\/sany0959-800x600.jpg\"><img loading=\"lazy\" decoding=\"async\" class=\"alignnone size-thumbnail wp-image-1063\" title=\"\" src=\"https:\/\/sw-osterfeine.de\/wp-content\/uploads\/2009\/06\/sany0959-800x600-150x150.jpg\" alt=\"sany0959-800x600\" width=\"150\" height=\"150\" \/><\/a><\/a><\/p>\n<p><a href=\"https:\/\/sw-osterfeine.de\/wp-content\/uploads\/2009\/06\/sany0958-800x600.jpg\" data-rel=\"lightbox-image-11\" data-rl_title=\"\" data-rl_caption=\"\"><img loading=\"lazy\" decoding=\"async\" class=\"alignnone size-thumbnail wp-image-1062\" title=\"\" src=\"https:\/\/sw-osterfeine.de\/wp-content\/uploads\/2009\/06\/sany0958-800x600-150x150.jpg\" alt=\"sany0958-800x600\" width=\"150\" height=\"150\" \/><\/a><a href=\"https:\/\/sw-osterfeine.de\/wp-content\/uploads\/2009\/06\/sany0960-800x600.jpg\" data-rel=\"lightbox-image-12\" data-rl_title=\"\" data-rl_caption=\"\"><img loading=\"lazy\" decoding=\"async\" class=\"alignnone size-thumbnail wp-image-1064\" title=\"\" src=\"https:\/\/sw-osterfeine.de\/wp-content\/uploads\/2009\/06\/sany0960-800x600-150x150.jpg\" alt=\"sany0960-800x600\" width=\"150\" height=\"150\" \/><\/a><\/p>\n<p><br class=\"spacer_\" \/><\/p>\n<p><br class=\"spacer_\" \/><\/p>\n","protected":false},"excerpt":{"rendered":"<p>Am Freitag feierte unsere Fu\u00dfball B-Jugend im Endspiel des B-Jugendkreispokals einen tollen Erfolg. Mit 1:0 besiegten unsere Jungs den Gegner der SG Holdorf\/Handorf-Langenberg. Vor f\u00fcr ein Jugendspiel \u00fcberragend vielen Zuschauern entschied ein Tor von Simon St\u00e4rk nach starker Vorarbeit von Simon Breitenstein ein extrem spannendes Spiel f\u00fcr SW Osterfeine. Obwohl der Gegner spieltechnisch und auch [&hellip;]<\/p>\n","protected":false},"author":3,"featured_media":0,"comment_status":"closed","ping_status":"closed","sticky":false,"template":"","format":"standard","meta":{"footnotes":""},"categories":[3],"tags":[],"_links":{"self":[{"href":"https:\/\/sw-osterfeine.de\/index.php?rest_route=\/wp\/v2\/posts\/1042"}],"collection":[{"href":"https:\/\/sw-osterfeine.de\/index.php?rest_route=\/wp\/v2\/posts"}],"about":[{"href":"https:\/\/sw-osterfeine.de\/index.php?rest_route=\/wp\/v2\/types\/post"}],"author":[{"embeddable":true,"href":"https:\/\/sw-osterfeine.de\/index.php?rest_route=\/wp\/v2\/users\/3"}],"replies":[{"embeddable":true,"href":"https:\/\/sw-osterfeine.de\/index.php?rest_route=%2Fwp%2Fv2%2Fcomments&post=1042"}],"version-history":[{"count":6,"href":"https:\/\/sw-osterfeine.de\/index.php?rest_route=\/wp\/v2\/posts\/1042\/revisions"}],"predecessor-version":[{"id":35083,"href":"https:\/\/sw-osterfeine.de\/index.php?rest_route=\/wp\/v2\/posts\/1042\/revisions\/35083"}],"wp:attachment":[{"href":"https:\/\/sw-osterfeine.de\/index.php?rest_route=%2Fwp%2Fv2%2Fmedia&parent=1042"}],"wp:term":[{"taxonomy":"category","embeddable":true,"href":"https:\/\/sw-osterfeine.de\/index.php?rest_route=%2Fwp%2Fv2%2Fcategories&post=1042"},{"taxonomy":"post_tag","embeddable":true,"href":"https:\/\/sw-osterfeine.de\/index.php?rest_route=%2Fwp%2Fv2%2Ftags&post=1042"}],"curies":[{"name":"wp","href":"https:\/\/api.w.org\/{rel}","templated":true}]}}