{"id":1071,"date":"2009-06-14T14:53:41","date_gmt":"2009-06-14T13:53:41","guid":{"rendered":"http:\/\/sw-osterfeine.de\/?p=1071"},"modified":"2009-06-14T14:53:41","modified_gmt":"2009-06-14T13:53:41","slug":"kurz-notiert-dies-und-das-im-osv","status":"publish","type":"post","link":"https:\/\/sw-osterfeine.de\/?p=1071","title":{"rendered":"Kurz notiert: Dies und Das im OSV"},"content":{"rendered":"<p><strong>Andreas Robke schafft Aufstieg:<\/strong><br \/>\nToller Erfolg f\u00fcr unsere Schiedsrichterabteilung. Der bisher als Schiedsrichter in der Regionalliga pfeifende OSVer schaffte den Aufstieg als Schiedsrichterassistent in die 3. Bundesliga. Pfeifen wird Andreas auch im kommenden Jahr in der Regionalliga. Damit bleibt Andreas als Schiri die Nr. 1 im Kreis Vechta und als Assistent hinter Christof Bornhorst die Nr. 2.<\/p>\n<p>Der ganze Verein w\u00fcnscht Andreas sch\u00f6ne sportliche Erlebnisse in den Profiligen.<\/p>\n<p><strong>A-Jugend beendet Serie auf Platz 7<\/strong><br \/>\nMit 7:1 gewann unsere A-Jugend das letzte Meisterschaftsspiel in Ankum und belegt zum Abschluss einen tollen 7. Platz. Die Tore in Ankum erzielten: Steffen Kreymborg(2); Philip Rusche; Jan Riesenbeck; Alexander St\u00e4rk; Jan Schomaker und Zumwalde.<\/p>\n<p><strong>E-I \u2013Jugend und E-II-Jugend beim OM-Cup in Th\u00fcle<\/strong><br \/>\nMit 2 Mannschaften nimmt unsere Jugendabteilung in diesem Jahr am OM-Cup in Th\u00fcle teil. Die Trainer Sebastian Voss, Stefan Garvels und Uli Decker fuhren voller Tatendrang\u00a0 Richtung Tierpark. Mit im Gep\u00e4ck hatten sie neben den tatendurstigen Kindern eine gro\u00dfe Elternschar. W\u00e4hrend die Trainer und Kinder in Zelten n\u00e4chtigen, haben sich die Eltern bequemere Unterk\u00fcnfte besorgen k\u00f6nnen.<\/p>\n<p><strong>Jugendteams werden zusammengestellt<\/strong><br \/>\nMit Hochdruck arbeitet die Jugendabteilung an der Einteilung der Mannschaften f\u00fcr die kommende Serie. Uli Lampe und Frank Zerhusen haben hier alle H\u00e4nde voll zu tun. Gesucht werden dringend noch Trainer\/Betreuer f\u00fcr die A-II-Jugend und die C-II-Jugend. Bitte meldet Euch wenn Ihr Lust an dieser tollen Jugendaufgabe habt.<\/p>\n<p><strong>Sommerzeit = Telefonzeit = Jugendarbeit???<\/strong><br \/>\nImmer mehr Vereine scheinen von ihren eigenen Kindern und Jugendlichen nicht mehr viel zu halten. Ergo versucht man Kinder und Jugendliche von anderen Vereinen abzuwerben, um optisch besser zu sein als man wirklich ist. Mannschaften werden nicht mehr im Training geformt sondern am Telefondraht in den Wechselperioden. Ist das der urspr\u00fcngliche Sinn von Vereins- und Jugendarbeit ?<br \/>\nIst gute Jugendarbeit daran zu erkennen, dass 1, 2, 3, 4 oder mehr Mannschaften eines Vereines auf Bezirk oder h\u00f6her spielen?<br \/>\nDen kleineren Vereinen nimmt man die besten Spieler weg, Mannschaften k\u00f6nnen nicht mehr gebildet werden, viele Trainer ziehen sich ob dieser Praxis zur\u00fcck und gehen dem Fu\u00dfball verloren. Soziale Bindungen in Mannschaften gehen verloren. Das Vereinsleben in den kleineren Vereinen wird zerst\u00f6rt. Reine Vereinsmannschaften auf Bezirksebene sind eine Rarit\u00e4t. Zusammengew\u00fcrfelte Spielgemeinschaften, fusionierte Vereine, Kreis- o. Bezirksgemeinschaften, es wird Alles versucht um bereits in der Jugend die Kinder auf die Strassen und Autobahnen zu locken. W\u00fcrden die Kinder in der Zeit des Autofahrens im Heimatverein trainieren oder auch nur\u00a0 bolzen, die Zeit w\u00e4re sinnvoller genutzt. <br \/>\nAber es ist ja auch einfacher im Sommer ein paar Stunden zu telefonieren, Jugendlichen zu erz\u00e4hlen wie toll es doch im neuen Verein ist, einige materielle Anreize zu schaffen als sich mit den wirklichen Problemen der Kinder und Jugendlichen zu besch\u00e4ftigen. Alles ist toll. Ist dann der sportliche Erfolg dann doch nicht eingetreten \u2013 d.h. die Konkurrenz hat besser telefoniert \u2013 sind die geholten Jugendlichen nichts mehr wert.<br \/>\nEs werden dann schon wieder neue Namen gehandelt damit\u00a0 im n\u00e4chsten Jahr besser gespielt (telefoniert) wird.<\/p>\n","protected":false},"excerpt":{"rendered":"<p>Andreas Robke schafft Aufstieg: Toller Erfolg f\u00fcr unsere Schiedsrichterabteilung. Der bisher als Schiedsrichter in der Regionalliga pfeifende OSVer schaffte den Aufstieg als Schiedsrichterassistent in die 3. Bundesliga. Pfeifen wird Andreas auch im kommenden Jahr in der Regionalliga. Damit bleibt Andreas als Schiri die Nr. 1 im Kreis Vechta und als Assistent hinter Christof Bornhorst die [&hellip;]<\/p>\n","protected":false},"author":3,"featured_media":0,"comment_status":"closed","ping_status":"closed","sticky":false,"template":"","format":"standard","meta":{"footnotes":""},"categories":[1],"tags":[],"_links":{"self":[{"href":"https:\/\/sw-osterfeine.de\/index.php?rest_route=\/wp\/v2\/posts\/1071"}],"collection":[{"href":"https:\/\/sw-osterfeine.de\/index.php?rest_route=\/wp\/v2\/posts"}],"about":[{"href":"https:\/\/sw-osterfeine.de\/index.php?rest_route=\/wp\/v2\/types\/post"}],"author":[{"embeddable":true,"href":"https:\/\/sw-osterfeine.de\/index.php?rest_route=\/wp\/v2\/users\/3"}],"replies":[{"embeddable":true,"href":"https:\/\/sw-osterfeine.de\/index.php?rest_route=%2Fwp%2Fv2%2Fcomments&post=1071"}],"version-history":[{"count":1,"href":"https:\/\/sw-osterfeine.de\/index.php?rest_route=\/wp\/v2\/posts\/1071\/revisions"}],"predecessor-version":[{"id":1072,"href":"https:\/\/sw-osterfeine.de\/index.php?rest_route=\/wp\/v2\/posts\/1071\/revisions\/1072"}],"wp:attachment":[{"href":"https:\/\/sw-osterfeine.de\/index.php?rest_route=%2Fwp%2Fv2%2Fmedia&parent=1071"}],"wp:term":[{"taxonomy":"category","embeddable":true,"href":"https:\/\/sw-osterfeine.de\/index.php?rest_route=%2Fwp%2Fv2%2Fcategories&post=1071"},{"taxonomy":"post_tag","embeddable":true,"href":"https:\/\/sw-osterfeine.de\/index.php?rest_route=%2Fwp%2Fv2%2Ftags&post=1071"}],"curies":[{"name":"wp","href":"https:\/\/api.w.org\/{rel}","templated":true}]}}