{"id":1077,"date":"2009-06-30T11:55:08","date_gmt":"2009-06-30T10:55:08","guid":{"rendered":"http:\/\/sw-osterfeine.de\/?p=1077"},"modified":"2009-06-30T11:55:08","modified_gmt":"2009-06-30T10:55:08","slug":"neues-im-osv-neues-im-osv","status":"publish","type":"post","link":"https:\/\/sw-osterfeine.de\/?p=1077","title":{"rendered":"Neues im OSV!!  Neues im OSV!!"},"content":{"rendered":"<p>Dank der umtriebigen Arbeit von Josef Fangmann und dank der Hilfe von dem OSV nahestehenden\u00a0 Sponsoren erh\u00e4lt unsere Fu\u00dfballjugend in den n\u00e4chsten Wochen 6 neue Jugendtore. Durch die zunehmende Mannschaftszahl werden immer mehr Tore ben\u00f6tigt. Ferner sind einige Tore so alt und kaputt, dass Reparaturen nicht mehr m\u00f6glich waren. Danke noch mal allen Unterst\u00fctzern der OSV-Jugend.<\/p>\n<p>Mittlerweile hat unsere Jugendabteilung die Vorbereitung der neuen Serie abgeschlossen. Uli Lampe und Frank Zerhusen\u00a0 konnten Mannschaften neu ordnen und Trainer finden. Zur Zeit werden die erforderlichen Materialien zusammengestellt( P\u00e4sse, Trikots; Leibchen, B\u00e4lle usw.). Spielberichte und Spielpl\u00e4ne werden erstellt, d.h. Sommerpause gibt es nicht f\u00fcr die Verantwortlichen.<\/p>\n<p>Die Sportwoche Ende Juli\/Anfang August ist in der Schlussphase der Planung. Das genaue Programm folgt. Unter der Federf\u00fchrung von Hans-J\u00fcrgen Lapke wartet ein gutes Programm auf unsere Sportler und Zuschauer.<\/p>\n<p>Unbekannte haben den Sportkasten in Osterfeine besch\u00e4digt. Die Verursacher konnten nicht ausfindig gemacht werden.<\/p>\n<p>Zum 1.8.2009 absolviert mit Lukas Lohmann erstmals ein Jugendlicher seinen Zivildienst beim Sportverein SW Osterfeine. Der Sportverein Osterfeine hat die Anerkennung als Einsatzstelle in den letzten Tagen erhalten.<\/p>\n<p>Am Dienstag beginnt die I-Herrenmannschaft mit der Vorbereitung f\u00fcr die neue Serie in der Bezirksliga. Mit 18\u00a0 Mannschaften und mindestens 4 Absteigern erwartet unsere Jungs ein extrem schweres und anstrengendes Programm. Sicherlich hat dieses Jahr einen besonderen Reiz durch die zahlreichen Derbys gegen Gegner in der Umgebung. Auftakt ist in Falke Steinfeld. Die Freundschaftsspiele werden in den n\u00e4chsten Tagen mitgeteilt, ebenso der Gegner im DFB-Pokal.<\/p>\n","protected":false},"excerpt":{"rendered":"<p>Dank der umtriebigen Arbeit von Josef Fangmann und dank der Hilfe von dem OSV nahestehenden\u00a0 Sponsoren erh\u00e4lt unsere Fu\u00dfballjugend in den n\u00e4chsten Wochen 6 neue Jugendtore. Durch die zunehmende Mannschaftszahl werden immer mehr Tore ben\u00f6tigt. Ferner sind einige Tore so alt und kaputt, dass Reparaturen nicht mehr m\u00f6glich waren. Danke noch mal allen Unterst\u00fctzern der [&hellip;]<\/p>\n","protected":false},"author":3,"featured_media":0,"comment_status":"closed","ping_status":"closed","sticky":false,"template":"","format":"standard","meta":{"footnotes":""},"categories":[3,1],"tags":[],"_links":{"self":[{"href":"https:\/\/sw-osterfeine.de\/index.php?rest_route=\/wp\/v2\/posts\/1077"}],"collection":[{"href":"https:\/\/sw-osterfeine.de\/index.php?rest_route=\/wp\/v2\/posts"}],"about":[{"href":"https:\/\/sw-osterfeine.de\/index.php?rest_route=\/wp\/v2\/types\/post"}],"author":[{"embeddable":true,"href":"https:\/\/sw-osterfeine.de\/index.php?rest_route=\/wp\/v2\/users\/3"}],"replies":[{"embeddable":true,"href":"https:\/\/sw-osterfeine.de\/index.php?rest_route=%2Fwp%2Fv2%2Fcomments&post=1077"}],"version-history":[{"count":2,"href":"https:\/\/sw-osterfeine.de\/index.php?rest_route=\/wp\/v2\/posts\/1077\/revisions"}],"predecessor-version":[{"id":1079,"href":"https:\/\/sw-osterfeine.de\/index.php?rest_route=\/wp\/v2\/posts\/1077\/revisions\/1079"}],"wp:attachment":[{"href":"https:\/\/sw-osterfeine.de\/index.php?rest_route=%2Fwp%2Fv2%2Fmedia&parent=1077"}],"wp:term":[{"taxonomy":"category","embeddable":true,"href":"https:\/\/sw-osterfeine.de\/index.php?rest_route=%2Fwp%2Fv2%2Fcategories&post=1077"},{"taxonomy":"post_tag","embeddable":true,"href":"https:\/\/sw-osterfeine.de\/index.php?rest_route=%2Fwp%2Fv2%2Ftags&post=1077"}],"curies":[{"name":"wp","href":"https:\/\/api.w.org\/{rel}","templated":true}]}}