{"id":10785,"date":"2014-08-11T16:17:20","date_gmt":"2014-08-11T14:17:20","guid":{"rendered":"http:\/\/sw-osterfeine.de\/?p=10785"},"modified":"2014-08-12T14:06:04","modified_gmt":"2014-08-12T12:06:04","slug":"unsere-neue-fsjlerin-im-sportverein-sw-osterfeine-9","status":"publish","type":"post","link":"https:\/\/sw-osterfeine.de\/?p=10785","title":{"rendered":"Unsere neue FSJ\/BFDlerin im Sportverein SW Osterfeine"},"content":{"rendered":"<p style=\"text-align: center;\"><strong>Sandra Wehri folgt auf Marei Tatgenhorst<\/strong><\/p>\n<p style=\"text-align: center;\">\u00a0<\/p>\n<p style=\"text-align: center;\"><a href=\"https:\/\/sw-osterfeine.de\/wp-content\/uploads\/2014\/08\/imagebe.jpg\" data-rel=\"lightbox-image-0\" data-rl_title=\"\" data-rl_caption=\"\"><img loading=\"lazy\" decoding=\"async\" class=\"wp-image-10786\" title=\"\" src=\"https:\/\/sw-osterfeine.de\/wp-content\/uploads\/2014\/08\/imagebe-225x300.jpg\" alt=\"\" width=\"162\" height=\"216\" srcset=\"https:\/\/sw-osterfeine.de\/wp-content\/uploads\/2014\/08\/imagebe-225x300.jpg 225w, https:\/\/sw-osterfeine.de\/wp-content\/uploads\/2014\/08\/imagebe-768x1024.jpg 768w, https:\/\/sw-osterfeine.de\/wp-content\/uploads\/2014\/08\/imagebe.jpg 1000w\" sizes=\"(max-width: 162px) 100vw, 162px\" \/><\/a><\/p>\n<p style=\"text-align: left;\">Seit dem 1.8.2014 hat der Sportverein SW Osterfeine wieder eine neue FSJ\/BFD-Kraft im Einsatz. Nachdem Marei Tatgenhorst zum 30.6.2014 ihren Freiwilligendienst beendet hatte, unterst\u00fctzt uns nun unsere A-Jugendhandballerin Sandra Wehri bei der t\u00e4glichen Vereinsarbeit.<\/p>\n<p style=\"text-align: left;\">Sandra ist vormittags von 8.00 bis 12.00 t\u00e4glich in der Gesch\u00e4ftsstelle erreichbar und leitet und unterst\u00fctzt unsere sportliche Abteilung in der Jugendarbeit.<\/p>\n<p style=\"text-align: left;\">\u00a0<\/p>\n<p style=\"text-align: left;\">Der Sportverein und seine Sportler hei\u00dfen Sandra herzlich Willkommen und w\u00fcnschen ihr eine sch\u00f6ne Zeit in der OSV-Familie.\u00a0\u00a0<\/p>\n<p style=\"text-align: left;\">\u00a0<\/p>\n","protected":false},"excerpt":{"rendered":"<p>Sandra Wehri folgt auf Marei Tatgenhorst \u00a0 Seit dem 1.8.2014 hat der Sportverein SW Osterfeine wieder eine neue FSJ\/BFD-Kraft im Einsatz. Nachdem Marei Tatgenhorst zum 30.6.2014 ihren Freiwilligendienst beendet hatte, unterst\u00fctzt uns nun unsere A-Jugendhandballerin Sandra Wehri bei der t\u00e4glichen Vereinsarbeit. Sandra ist vormittags von 8.00 bis 12.00 t\u00e4glich in der Gesch\u00e4ftsstelle erreichbar und leitet [&hellip;]<\/p>\n","protected":false},"author":3,"featured_media":0,"comment_status":"closed","ping_status":"closed","sticky":false,"template":"","format":"standard","meta":{"footnotes":""},"categories":[37],"tags":[],"_links":{"self":[{"href":"https:\/\/sw-osterfeine.de\/index.php?rest_route=\/wp\/v2\/posts\/10785"}],"collection":[{"href":"https:\/\/sw-osterfeine.de\/index.php?rest_route=\/wp\/v2\/posts"}],"about":[{"href":"https:\/\/sw-osterfeine.de\/index.php?rest_route=\/wp\/v2\/types\/post"}],"author":[{"embeddable":true,"href":"https:\/\/sw-osterfeine.de\/index.php?rest_route=\/wp\/v2\/users\/3"}],"replies":[{"embeddable":true,"href":"https:\/\/sw-osterfeine.de\/index.php?rest_route=%2Fwp%2Fv2%2Fcomments&post=10785"}],"version-history":[{"count":10,"href":"https:\/\/sw-osterfeine.de\/index.php?rest_route=\/wp\/v2\/posts\/10785\/revisions"}],"predecessor-version":[{"id":10797,"href":"https:\/\/sw-osterfeine.de\/index.php?rest_route=\/wp\/v2\/posts\/10785\/revisions\/10797"}],"wp:attachment":[{"href":"https:\/\/sw-osterfeine.de\/index.php?rest_route=%2Fwp%2Fv2%2Fmedia&parent=10785"}],"wp:term":[{"taxonomy":"category","embeddable":true,"href":"https:\/\/sw-osterfeine.de\/index.php?rest_route=%2Fwp%2Fv2%2Fcategories&post=10785"},{"taxonomy":"post_tag","embeddable":true,"href":"https:\/\/sw-osterfeine.de\/index.php?rest_route=%2Fwp%2Fv2%2Ftags&post=10785"}],"curies":[{"name":"wp","href":"https:\/\/api.w.org\/{rel}","templated":true}]}}