{"id":1093,"date":"2009-07-03T11:05:19","date_gmt":"2009-07-03T10:05:19","guid":{"rendered":"http:\/\/sw-osterfeine.de\/?p=1093"},"modified":"2009-07-03T11:05:19","modified_gmt":"2009-07-03T10:05:19","slug":"neues-vom-osv-neues-vom-osv","status":"publish","type":"post","link":"https:\/\/sw-osterfeine.de\/?p=1093","title":{"rendered":"Neues vom OSV!!  Neues vom OSV!!"},"content":{"rendered":"<p>Am Dienstag startete unsere I-Herren mit dem 1.Training in die neue Saison. Leider konnte Trainer Frank B\u00f6ckmann noch nicht alle Spieler auf dem Rasen in Augenschein nehmen. Mit Maxi St\u00e4rk( nach Meniskus-OP in Hamburg ist Besserung in Sicht) und Andreas H\u00f6lzl(hat Schulter-OP noch vor sich)\u00a0 fehlten 2 Leistungstr\u00e4ger, die uns auch in den n\u00e4chsten Wochen bzw. Monaten sehr fehlen werden. Mit Felix Gravemeyer, Jan Riesenbeck, Lukas Lohmann und Andre Beiderhake aus der A-Jugend sowie Dirk Hillmann, Benny Gravemeyer und Patrick Niehues aus der Zweiten gab es neue(bekannte) Gesichter beim Training.<\/p>\n<p><strong><span style=\"text-decoration: underline;\">Dringend Betreuer gesucht:<\/span><\/strong><br \/>\nF\u00fcr unsere II-C-Jugend suchen wir noch dringend einen Betreuer, der am Wochenende die Jungs bei ihren Spielen begleitet. Das Training in der Woche \u00fcbernimmt vorerst Lukas Lohmann. Nur zu den Spielen kann er nicht mitfahren. Bitte meldet Euch bei Uli Lampe oder Frank Zerhusen. Es w\u00e4re schade, wenn die Jungs nicht spielen k\u00f6nnten, nur weil wir keinen Betreuer haben. Wer schon immer mal was machen wollte, jetzt ist Zeit und Gelegenheit. Die Jungs freuen sich.<\/p>\n","protected":false},"excerpt":{"rendered":"<p>Am Dienstag startete unsere I-Herren mit dem 1.Training in die neue Saison. Leider konnte Trainer Frank B\u00f6ckmann noch nicht alle Spieler auf dem Rasen in Augenschein nehmen. Mit Maxi St\u00e4rk( nach Meniskus-OP in Hamburg ist Besserung in Sicht) und Andreas H\u00f6lzl(hat Schulter-OP noch vor sich)\u00a0 fehlten 2 Leistungstr\u00e4ger, die uns auch in den n\u00e4chsten Wochen [&hellip;]<\/p>\n","protected":false},"author":3,"featured_media":0,"comment_status":"closed","ping_status":"closed","sticky":false,"template":"","format":"standard","meta":{"footnotes":""},"categories":[3],"tags":[],"_links":{"self":[{"href":"https:\/\/sw-osterfeine.de\/index.php?rest_route=\/wp\/v2\/posts\/1093"}],"collection":[{"href":"https:\/\/sw-osterfeine.de\/index.php?rest_route=\/wp\/v2\/posts"}],"about":[{"href":"https:\/\/sw-osterfeine.de\/index.php?rest_route=\/wp\/v2\/types\/post"}],"author":[{"embeddable":true,"href":"https:\/\/sw-osterfeine.de\/index.php?rest_route=\/wp\/v2\/users\/3"}],"replies":[{"embeddable":true,"href":"https:\/\/sw-osterfeine.de\/index.php?rest_route=%2Fwp%2Fv2%2Fcomments&post=1093"}],"version-history":[{"count":1,"href":"https:\/\/sw-osterfeine.de\/index.php?rest_route=\/wp\/v2\/posts\/1093\/revisions"}],"predecessor-version":[{"id":1094,"href":"https:\/\/sw-osterfeine.de\/index.php?rest_route=\/wp\/v2\/posts\/1093\/revisions\/1094"}],"wp:attachment":[{"href":"https:\/\/sw-osterfeine.de\/index.php?rest_route=%2Fwp%2Fv2%2Fmedia&parent=1093"}],"wp:term":[{"taxonomy":"category","embeddable":true,"href":"https:\/\/sw-osterfeine.de\/index.php?rest_route=%2Fwp%2Fv2%2Fcategories&post=1093"},{"taxonomy":"post_tag","embeddable":true,"href":"https:\/\/sw-osterfeine.de\/index.php?rest_route=%2Fwp%2Fv2%2Ftags&post=1093"}],"curies":[{"name":"wp","href":"https:\/\/api.w.org\/{rel}","templated":true}]}}