{"id":1117,"date":"2009-07-14T19:04:57","date_gmt":"2009-07-14T18:04:57","guid":{"rendered":"http:\/\/sw-osterfeine.de\/?p=1117"},"modified":"2009-07-14T19:04:57","modified_gmt":"2009-07-14T18:04:57","slug":"neues-vom-osv","status":"publish","type":"post","link":"https:\/\/sw-osterfeine.de\/?p=1117","title":{"rendered":"Neues vom OSV"},"content":{"rendered":"<ul>\n<li>14 Tage befindet sich unsere I-Herrenmannschaft mittlerweile bereits in der Vorbereitung. Noch nicht spielf\u00e4hig sind zurzeit Michael Bergmann, Andre L\u00fcdeke, Andreas H\u00f6lzl, Maxi St\u00e4rk und Lukas Lohmann. Lukas behandelt seine Verletzung zurzeit sehr professionell in den warmen Quellen von Mallorca. Es ist noch viel Schwei\u00df erforderlich, wenn unsere Mannschaft bei dem schweren Auftaktprogramm bestehen will.<\/li>\n<\/ul>\n<p><br class=\"spacer_\" \/><\/p>\n<ul>\n<li>Verlegt worden ist das DFB-Pokalspiel in Rieste am Sonntag, d. 2.8.2009 von 15.00 Uhr auf 18.00 Uhr. Bitte merken.<\/li>\n<\/ul>\n<p><br class=\"spacer_\" \/><\/p>\n<ul>\n<li>Das Ende der Saison 2008\/2009 befeiern unsere Jungs der A-Jugend mit Trainer Hubert Pieper auf Mallorca. Hoffentlich ist der Trainingszustand nach der Traumkombination Mallorca\/R\u00fcschendorfer Sch\u00fctzenfest nicht ganz im Eimer.<\/li>\n<\/ul>\n<p><br class=\"spacer_\" \/><\/p>\n<ul>\n<li>Mittlerweile endg\u00fcltig eingestellt worden ist das neue Flutlicht auf Platz I von Benny Gravemeyer. F\u00fcr eine offizielle Einweihung der Anlage wird f\u00fcr den Herbst noch ein attraktiver Gegner f\u00fcr einen Dienstagabend gesucht.<\/li>\n<\/ul>\n<p><br class=\"spacer_\" \/><\/p>\n<ul>\n<li>Auch die Gesch\u00e4ftsstelle ist nun mit einer PC-Anlage ausgestattet. So k\u00f6nnen nun Arbeiten vor Ort erledigt werden. In der \u00fcbern\u00e4chsten Serie gibt es in der Bezirksliga nur noch den elektronischen Spielbericht. Schiedsrichter und Betreuer gehen nach dem Spiel in die Gesch\u00e4ftsstelle, geben alle Daten ein und fertig ist das Spiel.<\/li>\n<\/ul>\n<p><br class=\"spacer_\" \/><\/p>\n<ul>\n<li>Trotz Mallorca, der junge Rest der\u00a0 A-Jugend trainiert unter der Leitung von Co-Trainer Felix Riesenbeck flei\u00dfig weiter, um f\u00fcr die Auftaktbegegnung im Bezirkspokal gegen RW Damme ger\u00fcstet zu sein.<\/li>\n<\/ul>\n<p><br class=\"spacer_\" \/><\/p>\n","protected":false},"excerpt":{"rendered":"<p>14 Tage befindet sich unsere I-Herrenmannschaft mittlerweile bereits in der Vorbereitung. Noch nicht spielf\u00e4hig sind zurzeit Michael Bergmann, Andre L\u00fcdeke, Andreas H\u00f6lzl, Maxi St\u00e4rk und Lukas Lohmann. Lukas behandelt seine Verletzung zurzeit sehr professionell in den warmen Quellen von Mallorca. Es ist noch viel Schwei\u00df erforderlich, wenn unsere Mannschaft bei dem schweren Auftaktprogramm bestehen will. [&hellip;]<\/p>\n","protected":false},"author":3,"featured_media":0,"comment_status":"closed","ping_status":"closed","sticky":false,"template":"","format":"standard","meta":{"footnotes":""},"categories":[3],"tags":[],"_links":{"self":[{"href":"https:\/\/sw-osterfeine.de\/index.php?rest_route=\/wp\/v2\/posts\/1117"}],"collection":[{"href":"https:\/\/sw-osterfeine.de\/index.php?rest_route=\/wp\/v2\/posts"}],"about":[{"href":"https:\/\/sw-osterfeine.de\/index.php?rest_route=\/wp\/v2\/types\/post"}],"author":[{"embeddable":true,"href":"https:\/\/sw-osterfeine.de\/index.php?rest_route=\/wp\/v2\/users\/3"}],"replies":[{"embeddable":true,"href":"https:\/\/sw-osterfeine.de\/index.php?rest_route=%2Fwp%2Fv2%2Fcomments&post=1117"}],"version-history":[{"count":1,"href":"https:\/\/sw-osterfeine.de\/index.php?rest_route=\/wp\/v2\/posts\/1117\/revisions"}],"predecessor-version":[{"id":1118,"href":"https:\/\/sw-osterfeine.de\/index.php?rest_route=\/wp\/v2\/posts\/1117\/revisions\/1118"}],"wp:attachment":[{"href":"https:\/\/sw-osterfeine.de\/index.php?rest_route=%2Fwp%2Fv2%2Fmedia&parent=1117"}],"wp:term":[{"taxonomy":"category","embeddable":true,"href":"https:\/\/sw-osterfeine.de\/index.php?rest_route=%2Fwp%2Fv2%2Fcategories&post=1117"},{"taxonomy":"post_tag","embeddable":true,"href":"https:\/\/sw-osterfeine.de\/index.php?rest_route=%2Fwp%2Fv2%2Ftags&post=1117"}],"curies":[{"name":"wp","href":"https:\/\/api.w.org\/{rel}","templated":true}]}}