{"id":11304,"date":"2014-09-12T08:26:02","date_gmt":"2014-09-12T06:26:02","guid":{"rendered":"http:\/\/sw-osterfeine.de\/?p=11304"},"modified":"2014-09-12T08:29:07","modified_gmt":"2014-09-12T06:29:07","slug":"damen-handball-regionsliga","status":"publish","type":"post","link":"https:\/\/sw-osterfeine.de\/?p=11304","title":{"rendered":"Damen-Handball-Regionsliga"},"content":{"rendered":"<p><strong>Hallo Sportfreunde !<\/strong><\/p>\n<p>Vorhang auf f\u00fcr die (neu genannte) &#8220; Damenhandball-Regionsliga  &#8222;Spielzeit 2014\/15 in der HROM<br \/>\n(Handballregion Oldenburger M\u00fcnsterland). In der vergangenen Saison wurde diese Staffel als &#8220; Regionsklasse &#8220;  ausgedr\u00fcckt.<br \/>\nStaffelleiter Bernward Garmann (Cloppenburg) verk\u00fcndet den 1.Spieltag dieser Liga die am<br \/>\n12.\/13.September 2014 beginnt  mit folgenden  Partien :<br \/>\nRW Damme-TuS Lemf\u00f6rde II  (letzte Saison 29-24)<br \/>\nSV Holdorf III-Frisia Goldenstedt III<br \/>\nSW Osterfeine III-TuS Wagenfeld (17-12).<br \/>\nSpielfrei : SV Cappeln I, SV Cappeln II,BV Garrel II, TV Dinklage III, TSV Wetschen  II.<br \/>\nEs spielen 11 Teams (letzte Saison waren es 9 Mannschaften) in 11O Partien um Punkte und Tore und der Spielbetrieb endet am 1O.Mai 2015.<\/p>\n<p>Unsere 3. Mannschaft wird nach gemeinsamen \u00dcberlegungen von Kerstin Lehmkuhl und Andreas Knochenwefel begleitet. Auch  Anne Fangmann hat bei Coachingbedarf ihre Zusage gegeben, da Kerstin und Andreas noch der 2. Mannschaft als Spielerin\/ bzw. Trainer zur Verf\u00fcgung stehen.<br \/>\nUnsere  Hauptaufgabe besteht darin diese sympathische &#8222;Hobby &#8211; Truppe&#8220; den Spa\u00df am Handballsport zu vermitteln und Teamspirit zu f\u00f6rdern.<br \/>\nNominiert sind f\u00fcr den Kader von SW Osterfeine III:<br \/>\nIm Tor Carina Middendorf, Leonie in der Rieden, Catharina Kolbeck (beide Neuzug\u00e4nge aus Steinfeld), Helena Enneking (Torwart, reaktiviert, zur Zeit privat verhindert), Anne Gronemeyer, Dorothe<br \/>\nKreymborg, Dorothe Fangmann, Annemarie Kleemann, Sharina Riesenbeck, Lena Gravemeyer, Karin M\u00f6ller, Lara Macke, Bettina Gausepohl und Franziska Wehri  (st\u00f6\u00dft im Herbst dazu).<\/p>\n","protected":false},"excerpt":{"rendered":"<p>Hallo Sportfreunde ! Vorhang auf f\u00fcr die (neu genannte) &#8220; Damenhandball-Regionsliga &#8222;Spielzeit 2014\/15 in der HROM (Handballregion Oldenburger M\u00fcnsterland). In der vergangenen Saison wurde diese Staffel als &#8220; Regionsklasse &#8220; ausgedr\u00fcckt. Staffelleiter Bernward Garmann (Cloppenburg) verk\u00fcndet den 1.Spieltag dieser Liga die am 12.\/13.September 2014 beginnt mit folgenden Partien : RW Damme-TuS Lemf\u00f6rde II (letzte Saison [&hellip;]<\/p>\n","protected":false},"author":3,"featured_media":0,"comment_status":"closed","ping_status":"closed","sticky":false,"template":"","format":"standard","meta":{"footnotes":""},"categories":[1],"tags":[],"_links":{"self":[{"href":"https:\/\/sw-osterfeine.de\/index.php?rest_route=\/wp\/v2\/posts\/11304"}],"collection":[{"href":"https:\/\/sw-osterfeine.de\/index.php?rest_route=\/wp\/v2\/posts"}],"about":[{"href":"https:\/\/sw-osterfeine.de\/index.php?rest_route=\/wp\/v2\/types\/post"}],"author":[{"embeddable":true,"href":"https:\/\/sw-osterfeine.de\/index.php?rest_route=\/wp\/v2\/users\/3"}],"replies":[{"embeddable":true,"href":"https:\/\/sw-osterfeine.de\/index.php?rest_route=%2Fwp%2Fv2%2Fcomments&post=11304"}],"version-history":[{"count":8,"href":"https:\/\/sw-osterfeine.de\/index.php?rest_route=\/wp\/v2\/posts\/11304\/revisions"}],"predecessor-version":[{"id":11313,"href":"https:\/\/sw-osterfeine.de\/index.php?rest_route=\/wp\/v2\/posts\/11304\/revisions\/11313"}],"wp:attachment":[{"href":"https:\/\/sw-osterfeine.de\/index.php?rest_route=%2Fwp%2Fv2%2Fmedia&parent=11304"}],"wp:term":[{"taxonomy":"category","embeddable":true,"href":"https:\/\/sw-osterfeine.de\/index.php?rest_route=%2Fwp%2Fv2%2Fcategories&post=11304"},{"taxonomy":"post_tag","embeddable":true,"href":"https:\/\/sw-osterfeine.de\/index.php?rest_route=%2Fwp%2Fv2%2Ftags&post=11304"}],"curies":[{"name":"wp","href":"https:\/\/api.w.org\/{rel}","templated":true}]}}