{"id":1133,"date":"2009-07-30T13:48:14","date_gmt":"2009-07-30T12:48:14","guid":{"rendered":"http:\/\/sw-osterfeine.de\/?p=1133"},"modified":"2009-07-30T13:51:11","modified_gmt":"2009-07-30T12:51:11","slug":"einige-ergebnisse-von-der-osterfeiner-sportwoche","status":"publish","type":"post","link":"https:\/\/sw-osterfeine.de\/?p=1133","title":{"rendered":"Einige Ergebnisse von der Osterfeiner Sportwoche"},"content":{"rendered":"<p><strong>Voba Cup:<\/strong><br \/>\nSteinfeld \u2013 M\u00fchlen\u00a0 1-0<br \/>\n Torsch\u00fctze :<br \/>\n 23 min Strafsto\u00df Bavendiek Michael<\/p>\n<p>Damme-SW Osterfeine\u00a0\u00a0\u00a0\u00a0\u00a0\u00a0\u00a0 2:2\u00a0 nach 90 min<br \/>\n Am Ende 10:9 im Elfmeterschie\u00dfen<\/p>\n<p>Torsch\u00fctzen :\u00a0 <br \/>\n 1-0\u00a0\u00a0\u00a0\u00a0\u00a0 7 min Stefan Br\u00e4gelmann 16 m Schuss\u00a0\u00a0 <br \/>\n 1-1\u00a0\u00a0\u00a0\u00a0\u00a0\u00a0 13 min Patrick Niehues sch\u00f6ner Heber \u00fcber den Torwart von Au\u00dfenkante 16ner<br \/>\n 1-2\u00a0\u00a0\u00a0\u00a0\u00a0\u00a0 75 min Alexander Bergmann nach sch\u00f6nem Pass aus der Tiefe von Michael Bergmann<br \/>\n 2-2\u00a0\u00a0\u00a0\u00a0\u00a0 85 min Thortsen Br\u00e4gelmann Kopfball aus 8 m nach Flanke von links au\u00dfen Sedlak<\/p>\n<p><br class=\"spacer_\" \/><\/p>\n<p><strong>Reservecup :<\/strong><br \/>\nRW Damme \u2013 SW Osterfeine\u00a0 1-1 nach 90 min<br \/>\n Am Ende 18-19 im Elfmeterschie\u00dfen<\/p>\n<p>Elfmeterschie\u00dfen :<br \/>\n 18 Elfmeter vom Dammer Spieler gehalten, anschlie\u00dfend verwandelt der Torwart von<br \/>\n Osterfeine (Gravemeyer)<\/p>\n<p>Falke Steinfeld \u2013 GW M\u00fchlen 3-0<\/p>\n<p><span style=\"text-decoration: underline;\">Folgende Partien sind nun am Dienstag:<\/span><strong><br \/>\n <\/strong><\/p>\n<p><strong>Voba Cup:<\/strong><br \/>\n Spiel um Platz 3:<br \/>\n SW Osterfeine \u2013 GW M\u00fchlen um 18.30<\/p>\n<p>Endspiel:<br \/>\n RW Damme \u2013 SV Falke Steinfeld um 20.15<\/p>\n<p><strong>Reserve Cup:<\/strong><br \/>\nSpiel um Platz 3:<br \/>\nRW Damme \u2013 GW M\u00fchlen um 18.30<\/p>\n<p>Endspiel:<br \/>\nSW Osterfeine \u2013 Falke Steinfeld um 20.15<\/p>\n","protected":false},"excerpt":{"rendered":"<p>Voba Cup: Steinfeld \u2013 M\u00fchlen\u00a0 1-0 Torsch\u00fctze : 23 min Strafsto\u00df Bavendiek Michael Damme-SW Osterfeine\u00a0\u00a0\u00a0\u00a0\u00a0\u00a0\u00a0 2:2\u00a0 nach 90 min Am Ende 10:9 im Elfmeterschie\u00dfen Torsch\u00fctzen :\u00a0 1-0\u00a0\u00a0\u00a0\u00a0\u00a0 7 min Stefan Br\u00e4gelmann 16 m Schuss\u00a0\u00a0 1-1\u00a0\u00a0\u00a0\u00a0\u00a0\u00a0 13 min Patrick Niehues sch\u00f6ner Heber \u00fcber den Torwart von Au\u00dfenkante 16ner 1-2\u00a0\u00a0\u00a0\u00a0\u00a0\u00a0 75 min Alexander Bergmann nach sch\u00f6nem Pass [&hellip;]<\/p>\n","protected":false},"author":3,"featured_media":0,"comment_status":"closed","ping_status":"closed","sticky":false,"template":"","format":"standard","meta":{"footnotes":""},"categories":[3],"tags":[],"_links":{"self":[{"href":"https:\/\/sw-osterfeine.de\/index.php?rest_route=\/wp\/v2\/posts\/1133"}],"collection":[{"href":"https:\/\/sw-osterfeine.de\/index.php?rest_route=\/wp\/v2\/posts"}],"about":[{"href":"https:\/\/sw-osterfeine.de\/index.php?rest_route=\/wp\/v2\/types\/post"}],"author":[{"embeddable":true,"href":"https:\/\/sw-osterfeine.de\/index.php?rest_route=\/wp\/v2\/users\/3"}],"replies":[{"embeddable":true,"href":"https:\/\/sw-osterfeine.de\/index.php?rest_route=%2Fwp%2Fv2%2Fcomments&post=1133"}],"version-history":[{"count":3,"href":"https:\/\/sw-osterfeine.de\/index.php?rest_route=\/wp\/v2\/posts\/1133\/revisions"}],"predecessor-version":[{"id":1135,"href":"https:\/\/sw-osterfeine.de\/index.php?rest_route=\/wp\/v2\/posts\/1133\/revisions\/1135"}],"wp:attachment":[{"href":"https:\/\/sw-osterfeine.de\/index.php?rest_route=%2Fwp%2Fv2%2Fmedia&parent=1133"}],"wp:term":[{"taxonomy":"category","embeddable":true,"href":"https:\/\/sw-osterfeine.de\/index.php?rest_route=%2Fwp%2Fv2%2Fcategories&post=1133"},{"taxonomy":"post_tag","embeddable":true,"href":"https:\/\/sw-osterfeine.de\/index.php?rest_route=%2Fwp%2Fv2%2Ftags&post=1133"}],"curies":[{"name":"wp","href":"https:\/\/api.w.org\/{rel}","templated":true}]}}