{"id":1139,"date":"2009-08-07T17:23:01","date_gmt":"2009-08-07T16:23:01","guid":{"rendered":"http:\/\/sw-osterfeine.de\/?p=1139"},"modified":"2009-08-07T17:23:52","modified_gmt":"2009-08-07T16:23:52","slug":"bericht-uber-den-letzten-tag-der-sportwoche-von-sw-osterfeine","status":"publish","type":"post","link":"https:\/\/sw-osterfeine.de\/?p=1139","title":{"rendered":"Bericht \u00fcber den letzten Tag der Sportwoche von SW Osterfeine"},"content":{"rendered":"<p><em><strong>Resevecup:<\/strong><\/em><\/p>\n<p><em>Spiel um Platz 3-4<\/em><br \/>\n RW Damme \u2013 GW M\u00fchlen\u00a0\u00a0 Endstand 1-2<\/p>\n<p>Im gro\u00dfen und ganzen ein verdienter Sieg vom Klassentieferen Gegner M\u00fchlen. Damme versuchte zwar dagegen zu halten, hatten aber keine nennenswerte Chancen.<\/p>\n<p><em>Endspiel<\/em><br \/>\n SW Osterfeine \u2013Falke Steinfeld\u00a0 Endstand 2-1<br \/>\n Osterfeine konnte das Spiel fast \u00fcber die gesamte Spielzeit sehr offen halten.Mit zwei schnellen Kontern setzten sie sich schlie\u00dflich mit 2-1\u00a0 durch. <br \/>\n Tore: 2 mal Thomas St\u00e4rk<\/p>\n<p><em><strong>Voba Cub:<\/strong><\/em><\/p>\n<p><em>Spiel um Platz 3-4<\/em><br \/>\n SW Osterfeine \u2013 GW M\u00fchlen\u00a0\u00a0 Endstand\u00a0 1-4<\/p>\n<p>Torfolge:<br \/>\n 1:0\u00a0 47 min\u00a0 J-B St\u00e4rk nach sch\u00f6nem Pass von C Harpenau<br \/>\n 1:1\u00a0 50 min Florian Lange Kopfball<br \/>\n 1:2\u00a0 54 min Jan Wernke<br \/>\n 1:3\u00a0 64 min J-B Middendorf<br \/>\n 1:4\u00a0 66 min Kolbeck<\/p>\n<p>In den ersten Spielminuten Tasteten sich beide Mannschaft erst ab. Osterfeine hatte mit Kohake (20 min) die erste Chance des Spiels mit einem Schuss an den osten aus 20 m. Eine Minute Sp\u00e4ter hatte P.\u00a0 Niehues eine gro\u00dfe Chance zur F\u00fchrung (frei \u00fcbers Tor). Bis kurz vor der Halbzeit tat sich auf beiden Seiten recht enig. R. Burdiek hatte in der 43 min noch eine Chance aber Torwart Lange h\u00e4lt.<\/p>\n<p>Sofort nach der Halbzeit folgte dann die Osterfeiner F\u00fchrung. M\u00fchlen wurde nach dem R\u00fcckstand nun st\u00e4rker. Folgerichtlich glichen sie schnellzum 1:1 aus.Von da an Spielte nur noch\u00a0 M\u00fchlen. Nach einer sch\u00f6nen Hereingabe \u00fcber Rechtsau\u00dfen machte Jan Wernke\u00a0 das 1:2. M\u00fchlen konnte schalten und walten wie sie wollten und so konnten sie sie Tore 3 und 4 auch fast ohne Gegenwehr erzielen. Auf Grund der hohen Steigerung in der zweiten Halbzeit ging der Sieg auch in dieser H\u00f6he so in Ordnung.<\/p>\n<p><em><\/em><\/p>\n<p><em>Endspiel:<\/em><br \/>\n RW Damme \u2013 Falke Steinfeld\u00a0 2-1<\/p>\n<p>Torfolge:<br \/>\n 1:0\u00a0\u00a0 1 min Stefan Br\u00e4gelmann<br \/>\n 2:0\u00a0 37 min Stefan Br\u00e4gelmann<br \/>\n 2:1\u00a0\u00a0 90 min M Bavendiek<\/p>\n<p>Kurioser Start: Ein Tor das der Spieler Stefan Br\u00e4gelmann so schnell nicht vergessen wird. Ansto\u00df Damme Weitschuss von der Mittellinie 1:0 RW Damme. Ein echter Kunstschu\u00df wo bei der Torwart von Steinfeld gut mitspielte. Er stand beim Ansto\u00df ungef\u00e4hr auf 16ner H\u00f6he. In der ersten Halbzeit bestimmte Damme das Spiel nach Belieben. Mit sehr schnellen Spielstafetten lie\u00dfen sie Ball und Gegner laufen. In der 18 min h\u00e4tte fast erneut S. Br\u00e4gelmann das 2:0 erzielt Torwart l\u00e4ngt Freisto\u00df an die Latte. Es dauerte bis zur 38 min da lie\u00dfen Macke und S.Br\u00e4gelmann mit einem einfachen Doppelpass die Hintermannschaft von Steinfeld alt aussehen und S.Br\u00e4gelmann lupft den Ball zum 2:0 \u00fcber den heraus st\u00fcrmenden Torwart Bergmann. In der 42 min h\u00e4tte es gar 3:0 hei\u00dfen k\u00f6nnen,Kopball Macke nach Freisto\u00df S. Br\u00e4gelmann dieser ging aber knapp \u00fcbers Tor.<\/p>\n<p>Zweite Halbzeit :<br \/>\n Nach vielen Ein und Auswechselungen ging der Spielflu\u00df bei Damme komplett verloren. Es wurde mehr verwaltet als wirklich zu agieren. Steinfeld bem\u00fchte sich konnte aber bis dato nichts Z\u00e4hlbares erreichen. In der 90 min dann konnte Steinfeld noch zum 2:1 verk\u00fcrzen, Michael Bavendiek schloss einen Konter Gezielt ab.<br \/>\n Die Nachspielzeit h\u00e4tte noch fast zum Verh\u00e4ngnis f\u00fcr Damme werden k\u00f6nnen, Steinfeld hatte die letzte Chance des Spiels nach Freisto\u00df von links au\u00dfen, Kopfball knapp vorbei.<\/p>\n<p>Fazit ein verdienter Sieger RW Damme.<\/p>\n<p><strong><em>Der Sportverein SW Osterfeine bedankt sich bei allen Aktiven so wie bei den Zuschauern f\u00fcr Ihre kommen und hoffen auch im n\u00e4chsten Jahr wieder so viele Besucher begr\u00fc\u00dfen zu d\u00fcrfen.<\/em><\/strong><\/p>\n<p>Mit Sportlichem Gruss<br \/>\n Hansi Lapke<br \/>\n (Fu\u00dfballobmann)<\/p>\n","protected":false},"excerpt":{"rendered":"<p>Resevecup: Spiel um Platz 3-4 RW Damme \u2013 GW M\u00fchlen\u00a0\u00a0 Endstand 1-2 Im gro\u00dfen und ganzen ein verdienter Sieg vom Klassentieferen Gegner M\u00fchlen. Damme versuchte zwar dagegen zu halten, hatten aber keine nennenswerte Chancen. Endspiel SW Osterfeine \u2013Falke Steinfeld\u00a0 Endstand 2-1 Osterfeine konnte das Spiel fast \u00fcber die gesamte Spielzeit sehr offen halten.Mit zwei schnellen [&hellip;]<\/p>\n","protected":false},"author":3,"featured_media":0,"comment_status":"closed","ping_status":"closed","sticky":false,"template":"","format":"standard","meta":{"footnotes":""},"categories":[1],"tags":[],"_links":{"self":[{"href":"https:\/\/sw-osterfeine.de\/index.php?rest_route=\/wp\/v2\/posts\/1139"}],"collection":[{"href":"https:\/\/sw-osterfeine.de\/index.php?rest_route=\/wp\/v2\/posts"}],"about":[{"href":"https:\/\/sw-osterfeine.de\/index.php?rest_route=\/wp\/v2\/types\/post"}],"author":[{"embeddable":true,"href":"https:\/\/sw-osterfeine.de\/index.php?rest_route=\/wp\/v2\/users\/3"}],"replies":[{"embeddable":true,"href":"https:\/\/sw-osterfeine.de\/index.php?rest_route=%2Fwp%2Fv2%2Fcomments&post=1139"}],"version-history":[{"count":5,"href":"https:\/\/sw-osterfeine.de\/index.php?rest_route=\/wp\/v2\/posts\/1139\/revisions"}],"predecessor-version":[{"id":1144,"href":"https:\/\/sw-osterfeine.de\/index.php?rest_route=\/wp\/v2\/posts\/1139\/revisions\/1144"}],"wp:attachment":[{"href":"https:\/\/sw-osterfeine.de\/index.php?rest_route=%2Fwp%2Fv2%2Fmedia&parent=1139"}],"wp:term":[{"taxonomy":"category","embeddable":true,"href":"https:\/\/sw-osterfeine.de\/index.php?rest_route=%2Fwp%2Fv2%2Fcategories&post=1139"},{"taxonomy":"post_tag","embeddable":true,"href":"https:\/\/sw-osterfeine.de\/index.php?rest_route=%2Fwp%2Fv2%2Ftags&post=1139"}],"curies":[{"name":"wp","href":"https:\/\/api.w.org\/{rel}","templated":true}]}}