{"id":1145,"date":"2009-08-08T10:07:58","date_gmt":"2009-08-08T09:07:58","guid":{"rendered":"http:\/\/sw-osterfeine.de\/?p=1145"},"modified":"2009-08-08T10:09:20","modified_gmt":"2009-08-08T09:09:20","slug":"mannschaftsfahrt-a-jugend","status":"publish","type":"post","link":"https:\/\/sw-osterfeine.de\/?p=1145","title":{"rendered":"Mannschaftsfahrt A-Jugend"},"content":{"rendered":"<p>Diesen Sommer vom 13.7 bis zum 18.7 machten wir, die A-Jugend der Saison 2008\/2009, unsere Mannschaftsfahrt nach Palma de Mallorca. <br \/>\n So machten wir uns zusammen mit unserem Trainer Hubert Pieper am zw\u00f6lften August auf den Weg nach Bremen, um von dort aus am n\u00e4chsten Morgen um 6:00 Uhr nach Palma de Mallorca zu fliegen. Auf Mallorca angekommen verbrachten wir zun\u00e4chst die ersten Stunden am Strand und erst am Nachmittag gingen wir in unser Hotel \u201eAyron Park\u201c.\u00a0 <br \/>\n Am Abend sa\u00dfen wir zusammen mit der ganzen Mannschaft am Pool um uns schon ein wenig auf die bevorstehende Nacht vorzubereiten. Unser Ziel war klar, wir wollten in die Schinkenstra\u00dfe oder auch \u201eDie deutsche Partymeile\u201c um dort die bekannten Discotheken zu erleben. Da man sich schnell aus den Augen verlor, aufgrund der Menschenmengen, erfuhr man erst am n\u00e4chsten Morgen von den n\u00e4chtlichen Erlebnissen seiner Mitspieler, so mussten einige von uns alleine zum Hotel laufen, oder man traf andere Mitspieler am Pommesstand wieder. Nach nur 3-5 Stunden Schlaf hie\u00df es aufstehen, fr\u00fchst\u00fccken und zum Strand zu gehen, einige von uns konnten einfach nicht genug bekommen und machten sich gleich auf den Weg zur MegArena, um zu pr\u00fcfen ob das Bier richtig gek\u00fchlt w\u00fcrde\u2026<br \/>\n Schon nach dem ersten Tag hatten einige von uns einen ordentlichen Sonnenbrand bekommen, denn wer seinen Schlaf in der prallen Sonne nachholen wollte musste einfach damit rechnen.<br \/>\n Die folgenden Tage verliefen ganz \u00e4hnlich wie der Erste, doch achtete man mehr darauf auch in den Discotheken zusammenzubleiben, zum Programm geh\u00f6rten auch weiterhin das gemeinsame Abendessen und die darauf folgende Poolrunde, in dieser wurden vor allem die Erlebnisse der vorigen Nacht wiederbelebt und neue Spitznamen vergeben, so hie\u00df Hubert Pieper einfach nur noch \u201ePapa\u201c, weil er stets alles organisierte und einfach auf alles ein Auge hatte, daf\u00fcr danken wir ihm auch ganz besonders, denn ohne unseren \u201ePapa\u201c w\u00e4re vermutlich einiges schief gelaufen.<\/p>\n<p><br class=\"spacer_\" \/><\/p>\n<p>Bericht von Jan Schomaker<\/p>\n","protected":false},"excerpt":{"rendered":"<p>Diesen Sommer vom 13.7 bis zum 18.7 machten wir, die A-Jugend der Saison 2008\/2009, unsere Mannschaftsfahrt nach Palma de Mallorca. So machten wir uns zusammen mit unserem Trainer Hubert Pieper am zw\u00f6lften August auf den Weg nach Bremen, um von dort aus am n\u00e4chsten Morgen um 6:00 Uhr nach Palma de Mallorca zu fliegen. Auf [&hellip;]<\/p>\n","protected":false},"author":3,"featured_media":0,"comment_status":"closed","ping_status":"closed","sticky":false,"template":"","format":"standard","meta":{"footnotes":""},"categories":[3],"tags":[],"_links":{"self":[{"href":"https:\/\/sw-osterfeine.de\/index.php?rest_route=\/wp\/v2\/posts\/1145"}],"collection":[{"href":"https:\/\/sw-osterfeine.de\/index.php?rest_route=\/wp\/v2\/posts"}],"about":[{"href":"https:\/\/sw-osterfeine.de\/index.php?rest_route=\/wp\/v2\/types\/post"}],"author":[{"embeddable":true,"href":"https:\/\/sw-osterfeine.de\/index.php?rest_route=\/wp\/v2\/users\/3"}],"replies":[{"embeddable":true,"href":"https:\/\/sw-osterfeine.de\/index.php?rest_route=%2Fwp%2Fv2%2Fcomments&post=1145"}],"version-history":[{"count":4,"href":"https:\/\/sw-osterfeine.de\/index.php?rest_route=\/wp\/v2\/posts\/1145\/revisions"}],"predecessor-version":[{"id":1148,"href":"https:\/\/sw-osterfeine.de\/index.php?rest_route=\/wp\/v2\/posts\/1145\/revisions\/1148"}],"wp:attachment":[{"href":"https:\/\/sw-osterfeine.de\/index.php?rest_route=%2Fwp%2Fv2%2Fmedia&parent=1145"}],"wp:term":[{"taxonomy":"category","embeddable":true,"href":"https:\/\/sw-osterfeine.de\/index.php?rest_route=%2Fwp%2Fv2%2Fcategories&post=1145"},{"taxonomy":"post_tag","embeddable":true,"href":"https:\/\/sw-osterfeine.de\/index.php?rest_route=%2Fwp%2Fv2%2Ftags&post=1145"}],"curies":[{"name":"wp","href":"https:\/\/api.w.org\/{rel}","templated":true}]}}