{"id":1150,"date":"2009-08-08T10:10:46","date_gmt":"2009-08-08T09:10:46","guid":{"rendered":"http:\/\/sw-osterfeine.de\/?p=1150"},"modified":"2009-08-08T10:10:46","modified_gmt":"2009-08-08T09:10:46","slug":"sw-osterfeine-a-jugend-ruckblick-des-saisonverlaufs-20082009","status":"publish","type":"post","link":"https:\/\/sw-osterfeine.de\/?p=1150","title":{"rendered":"SW Osterfeine A-Jugend &#8211; R\u00fcckblick des Saisonverlaufs 2008\/2009"},"content":{"rendered":"<p>Wir haben es auch in diesem Jahr wieder einmal geschafft den Verbleib in der Bezirksliga zu sichern. <br \/>\n Somit werden bei S.W. Osterfeine auch in der n\u00e4chsten Saison wieder 3 Mannschaften auf Bezirksebene spielen.<\/p>\n<p>Allerdings schien unser bekanntes Saisonziel -der Klassenerhalt- mit Ende der Hinrunde in weite Ferne zu r\u00fccken. <br \/>\n Es fehlte nicht nur an der n\u00f6tigen Courage und am Ehrgeiz\u00a0 im Training, sondern auch am Einsatzwillen\u00a0 in den Punktspielen. Schon sicher eingeplante Punkte wurden in der zweiten Halbzeit aufgrund von Unkonzentriertheiten verschenkt. Nach einer total verkorksten Hinserie fiel es einem sehr schwer sich auf die eiserne Regel\u00a0 der A-Jugend zu berufen, dass wir\u00a0 generell in der R\u00fcckserie st\u00e4rker und konzentrierter auftreten und das Ding schon bis Ende der Saison nach Hause schaukeln werden.<\/p>\n<p>Die genannte Regel best\u00e4tigte sich auch dieses Mal,\u00a0 aber nur weil unser Kader zwischenzeitlich verst\u00e4rkt wurde. Mit der R\u00fcckkehr von Philipp Rusche und dem Wechsel von Jan Ronnebaum aus der B-Jugend,\u00a0 gelang eine positive Kehrtwende. Diese beiden Spieler versch\u00e4rften nicht nur den Konkurrenzkampf im Training, sondern brachten auch au\u00dferhalb des Platzes eine positive Grundstimmung mit ins Team. Auf unserer Weihnachtsfeier war nichts davon zu sp\u00fcren, dass beide gerade erst zu uns gesto\u00dfen waren und brachten sich hervorragend in die Mannschaft ein.<\/p>\n<p>In der Vorbereitung auf die R\u00fcckrunde schien unser Team wie ausgewechselt zu sein. Das desolate Auftreten der Mannschaft in den Spielen zuvor konnte man nur noch erahnen. Mit dem zunehmenden Engagement im Training waren postwendend auch Fortschritte in den Spielen zu verzeichnen. Unser dann gezeigtes Leistungsverm\u00f6gen spiegelte sich endlich auch in Punkten wieder.Der kr\u00f6nende Abschluss einer guten R\u00fcckserie war der 7:1 Kantersieg gegen Ankum im letzten Spiel, dem zwei siegreiche Spiele vorausgingen. Letztlich hatten wir den ungef\u00e4hrdeten 7. Tabellenplatz inne, der allerdings nicht dar\u00fcber hinwegt\u00e4uschen darf, dass wir uns lange Zeit mitten im Abstiegskampf befanden. Der diesj\u00e4hrigen A-Jugend kann man nur ans Herz legen, dass sie nicht auf eine generell starke R\u00fcckrunde bauen, sondern von Anfang an unbedingten Siegeswillen zeigen.<\/p>\n<p>Eine gro\u00dfe Zahl von Spielern sind aus der letztj\u00e4hrigen A-Jugend Mannschaft\u00a0 in die Herrenmannschaften gewechselt. <br \/>\n Ich w\u00fcnsche allen einen sicheren Stammplatz in den Herrenteams, eine verletzungsfreie und erfolgreiche Saison.<\/p>\n<p>Lukas Lohmann<\/p>\n","protected":false},"excerpt":{"rendered":"<p>Wir haben es auch in diesem Jahr wieder einmal geschafft den Verbleib in der Bezirksliga zu sichern. Somit werden bei S.W. Osterfeine auch in der n\u00e4chsten Saison wieder 3 Mannschaften auf Bezirksebene spielen. Allerdings schien unser bekanntes Saisonziel -der Klassenerhalt- mit Ende der Hinrunde in weite Ferne zu r\u00fccken. Es fehlte nicht nur an der [&hellip;]<\/p>\n","protected":false},"author":3,"featured_media":0,"comment_status":"closed","ping_status":"closed","sticky":false,"template":"","format":"standard","meta":{"footnotes":""},"categories":[1],"tags":[],"_links":{"self":[{"href":"https:\/\/sw-osterfeine.de\/index.php?rest_route=\/wp\/v2\/posts\/1150"}],"collection":[{"href":"https:\/\/sw-osterfeine.de\/index.php?rest_route=\/wp\/v2\/posts"}],"about":[{"href":"https:\/\/sw-osterfeine.de\/index.php?rest_route=\/wp\/v2\/types\/post"}],"author":[{"embeddable":true,"href":"https:\/\/sw-osterfeine.de\/index.php?rest_route=\/wp\/v2\/users\/3"}],"replies":[{"embeddable":true,"href":"https:\/\/sw-osterfeine.de\/index.php?rest_route=%2Fwp%2Fv2%2Fcomments&post=1150"}],"version-history":[{"count":3,"href":"https:\/\/sw-osterfeine.de\/index.php?rest_route=\/wp\/v2\/posts\/1150\/revisions"}],"predecessor-version":[{"id":1153,"href":"https:\/\/sw-osterfeine.de\/index.php?rest_route=\/wp\/v2\/posts\/1150\/revisions\/1153"}],"wp:attachment":[{"href":"https:\/\/sw-osterfeine.de\/index.php?rest_route=%2Fwp%2Fv2%2Fmedia&parent=1150"}],"wp:term":[{"taxonomy":"category","embeddable":true,"href":"https:\/\/sw-osterfeine.de\/index.php?rest_route=%2Fwp%2Fv2%2Fcategories&post=1150"},{"taxonomy":"post_tag","embeddable":true,"href":"https:\/\/sw-osterfeine.de\/index.php?rest_route=%2Fwp%2Fv2%2Ftags&post=1150"}],"curies":[{"name":"wp","href":"https:\/\/api.w.org\/{rel}","templated":true}]}}