{"id":1154,"date":"2009-08-08T10:12:49","date_gmt":"2009-08-08T09:12:49","guid":{"rendered":"http:\/\/sw-osterfeine.de\/?p=1154"},"modified":"2009-08-08T10:13:31","modified_gmt":"2009-08-08T09:13:31","slug":"%e2%80%9creusch-torwart-challenge-2009%e2%80%9d-mit-osterfeiner-beteiligung","status":"publish","type":"post","link":"https:\/\/sw-osterfeine.de\/?p=1154","title":{"rendered":"\u201cReusch Torwart Challenge 2009\u201d mit Osterfeiner Beteiligung"},"content":{"rendered":"<p>Unser A-Jugendtorwart Simon Breitenstein nahm am 18. Juli 2009 an der \u201cReusch Torwart Challenge 2009\u201d in Holdorf teil. Auf diese Veranstaltung war er durch die Oldenburgische Volkszeitung und zus\u00e4tzlich durch seinen Torwarttrainer Bernd L\u00fcbbehusen aufmerksam gemacht geworden. <\/p>\n<p>Die Einteilung der Torh\u00fcter erfolgte in 5 Altersklassen, wobei Simon der \u00e4ltesten Klasse (Jahrgang 93-89) angeh\u00f6rte. Insgesamt hatten sich an diesem Tag auf dem Sportplatz in Holdorf 40 Torh\u00fcter versammelt. In seiner Altersklasse musste sich Simon gegen 7 Mitstreiter behaupten, darunter Stefan Segatz (1. Herren RW Damme) und Patrick Bergmann (1. Herren Falke Steinfeld). Vormittags und Nachmittags standen jeweils 5 \u00dcbungen an, in denen von ausgew\u00e4hlten Trainern Punkte vergeben wurden. Eine \u00dcbung sah beispielsweise vor, Flankenb\u00e4lle in vorgegebene Felder abzufangen und sich jeweils vor der Flanke f\u00fcr ein Feld zu entscheiden.<br \/>\nAls auch die letzte der 10 \u00dcbungseinheiten \u00fcberstanden war, hatten es Simon und 2 weitere Torh\u00fcter geschafft und zogen in die n\u00e4chste und entscheidende Runde der Reusch Challenge 2009 ein.<\/p>\n<p>Die Endrunde der Challenge fand am 1. August 2009 im Jugend-Leistungszentrum Wehen statt. In dieser Endrunde ging es um einen Ausr\u00fcstungsvertrag mit der Firma Reusch im Wert von 500 Euro. Die Einteilung der insgesamt 29 Torh\u00fcter erfolgte in 4 Altersklassen. Simon geh\u00f6rte der Altersklasse des Jahrgangs 94-93 an und hatte es einmal mehr mit sehr\u00a0 hochkar\u00e4tigen Konkurrenten zu tun. 8 Wettbewerber geh\u00f6rten seiner Alterklasse an, darunter auch der Torh\u00fcternachwuchs der Bundesligisten 1. FSV Mainz 05 und 1. FC N\u00fcrnberg, sowie dem Zweitligaklub Karlsruher SC.<\/p>\n<p>Vormittags standen 4 sehr leistungsbezogene \u00dcbungen auf dem Plan. Nachmittags wurden weitere 5 sehr anspruchsvolle und interessante Torwart\u00fcbungen durchgef\u00fchrt. Im Leistungszentrum standen z.B. pr\u00e4zise Abst\u00f6\u00dfe \u00fcber 40 m auf dem Programm. Diese Abst\u00f6\u00dfe mussten m\u00f6glichst genau in ein 5\u00d75 m gro\u00dfes Feld geschlagen werden. Auch waren Zweik\u00e4mpfe zwischen 2 Torh\u00fctern in der Luft eine dieser \u00dcbungen. Am Ende des Tages fiel den \u00dcbungsleitern die Entscheidung sehr schwer, da sich fast alle der 8 qualifizierten Torh\u00fcter auf einem \u00e4hnlichen Leistungsniveau befanden. Letztlich reichte es f\u00fcr Simon nicht ganz zum Gesamtsieg in seiner Altersklasse, den sich Johannes Ganter vom 1. FC N\u00fcrnberg sicherte. Simon wurde eine \u00fcberdurchschnittliche Leistung bescheinigt und nahm zudem diverse Utensilien des Sponsors mit nach Hause. <\/p>\n<p>Bestimmt wird Simon diesen interessanten Tag zum Anlass nehmen, um nun noch motivierter als bisher unser Tor in der A-Jugend von S.W. Osterfeine sauber zuhalten. Unseren Verein hat er bestens und zudem auf h\u00f6chstem Niveau vertreten. <\/p>\n<p>Lukas Lohmann<\/p>\n","protected":false},"excerpt":{"rendered":"<p>Unser A-Jugendtorwart Simon Breitenstein nahm am 18. Juli 2009 an der \u201cReusch Torwart Challenge 2009\u201d in Holdorf teil. Auf diese Veranstaltung war er durch die Oldenburgische Volkszeitung und zus\u00e4tzlich durch seinen Torwarttrainer Bernd L\u00fcbbehusen aufmerksam gemacht geworden. Die Einteilung der Torh\u00fcter erfolgte in 5 Altersklassen, wobei Simon der \u00e4ltesten Klasse (Jahrgang 93-89) angeh\u00f6rte. Insgesamt hatten [&hellip;]<\/p>\n","protected":false},"author":3,"featured_media":0,"comment_status":"closed","ping_status":"closed","sticky":false,"template":"","format":"standard","meta":{"footnotes":""},"categories":[3],"tags":[],"_links":{"self":[{"href":"https:\/\/sw-osterfeine.de\/index.php?rest_route=\/wp\/v2\/posts\/1154"}],"collection":[{"href":"https:\/\/sw-osterfeine.de\/index.php?rest_route=\/wp\/v2\/posts"}],"about":[{"href":"https:\/\/sw-osterfeine.de\/index.php?rest_route=\/wp\/v2\/types\/post"}],"author":[{"embeddable":true,"href":"https:\/\/sw-osterfeine.de\/index.php?rest_route=\/wp\/v2\/users\/3"}],"replies":[{"embeddable":true,"href":"https:\/\/sw-osterfeine.de\/index.php?rest_route=%2Fwp%2Fv2%2Fcomments&post=1154"}],"version-history":[{"count":4,"href":"https:\/\/sw-osterfeine.de\/index.php?rest_route=\/wp\/v2\/posts\/1154\/revisions"}],"predecessor-version":[{"id":1158,"href":"https:\/\/sw-osterfeine.de\/index.php?rest_route=\/wp\/v2\/posts\/1154\/revisions\/1158"}],"wp:attachment":[{"href":"https:\/\/sw-osterfeine.de\/index.php?rest_route=%2Fwp%2Fv2%2Fmedia&parent=1154"}],"wp:term":[{"taxonomy":"category","embeddable":true,"href":"https:\/\/sw-osterfeine.de\/index.php?rest_route=%2Fwp%2Fv2%2Fcategories&post=1154"},{"taxonomy":"post_tag","embeddable":true,"href":"https:\/\/sw-osterfeine.de\/index.php?rest_route=%2Fwp%2Fv2%2Ftags&post=1154"}],"curies":[{"name":"wp","href":"https:\/\/api.w.org\/{rel}","templated":true}]}}