{"id":1159,"date":"2009-08-10T17:16:13","date_gmt":"2009-08-10T16:16:13","guid":{"rendered":"http:\/\/sw-osterfeine.de\/?p=1159"},"modified":"2009-08-10T17:18:26","modified_gmt":"2009-08-10T16:18:26","slug":"neues-von-unserer-ii-herren-im-fussball","status":"publish","type":"post","link":"https:\/\/sw-osterfeine.de\/?p=1159","title":{"rendered":"Neues von unserer II. Herren im Fussball"},"content":{"rendered":"<p>Spiel gegen Oythe II am 22.07.09<br \/>\n Stark begonnen, stark nachgelassen<br \/>\n Gegen Oythe hatten wir einen guten Anfang. In der 10. Minute<br \/>\n Angriff \u00fcber links durch Pommes, Pass in den 16er auf Bobby Bley,<br \/>\n der lie\u00df sich nicht lange bitten und erzielte das 1:0 f\u00fcr uns.<br \/>\n Doch schon in der 12. Minute fiel das 1:1 f\u00fcr Oythe \u2013 abseitsverd\u00e4chtig.<br \/>\n 30. Minute \u2013 2:1 f\u00fcr Oythe \u2013 halb hoher Schuss von links in die lange Ecke<br \/>\n 32. Minute \u2013 Chance f\u00fcr uns, Hereingabe von links durch Matze Hillmann,<br \/>\n Pommes verpasst<br \/>\n 39. Minute \u2013 Simon Austing wird im 16er gefoult, kein Elfer f\u00fcr uns<br \/>\n 40. Minute \u2013 3:1 f\u00fcr Oythe durch die Nr. 9<br \/>\n 42. Minute \u2013 Pommes setzt sich gut durch, schie\u00dft am Tor vorbei<br \/>\n 60. Minute \u2013 4:1 f\u00fcr Oythe Nr. 17, Abspielfehler C. Gravemeyer<br \/>\n 67. Minute \u2013 5:1 f\u00fcr Oythe Nr. 2<br \/>\n 85. Minute \u2013 6:1 f\u00fcr Oythe durch die Nr. 6<\/p>\n<p>Fazit: Zu viele Ballverluste, schlechtes Zweikampfverhalten, zu viele lange<br \/>\n B\u00e4lle nach vorne, ab der 60. Minute kein Dampf mehr.<\/p>\n<p>Kreispokal gegen Visbek II am 02.08.09<br \/>\n Schwach begonnen, gesteigert, Chancen nicht genutzt, verloren.<br \/>\n Gegen Visbek II haben wir uns mehr erhofft als gegen Oythe. Aber das Spiel<br \/>\n war gerade 6 Minuten alt, da hatte Visbek schon die erste Gro\u00dfchance.<br \/>\n In der 11. Minute fiel dann das 0:1 f\u00fcr Visbek durch die Nr. 4. Das 0:2 f\u00fcr<br \/>\n Visbek fiel in der 18. Minute. In der 35. Minute machen wir wieder einen<br \/>\n unserer unn\u00f6tigen Fehler in der Abwehr. Visbek nutzt die Chance und<br \/>\n schie\u00dft das 0:3.<br \/>\n Doch auch wir haben Chancen en Masse:<br \/>\n 41. Minute \u2013 Poldi (Jan Pohlschneider) l\u00e4uft auf den Torwart zu und schie\u00dft diesen an<br \/>\n 42. Minute \u2013 Kopfball an die Latte durch Poldi<br \/>\n 48. Minute \u2013 T. St\u00e4rk flankt von rechts, Poldi schiebt vorbei<br \/>\n 51. Minute \u2013 Poldi l\u00e4uft wieder auf den Torwart zu, und \u2026.. vorbei<br \/>\n 57. Minute \u2013 Gleiche Situation, aber Pommes macht es auch nicht besser<br \/>\n 70. Minute \u2013 Hurra, es klappt doch noch \u2013 Pommes macht das 1:3 nach<br \/>\n toller Vorarbeit<br \/>\n 79. Minute \u2013 so ist das im Fussball, wir machen die Tore nicht und der<br \/>\n Gegner bekommt Geschenke &#8211; 1:4 durch einen unberechtigten<br \/>\n Elfmeter<br \/>\n 88. Minute \u2013 wir haben die Hoffnung nicht aufgegeben, das 2:4 durch S.<br \/>\n Schlarmann nach einem tollen Zusammenspiel mit Pommes<br \/>\n 90. Minute \u2013 noch eine Freist\u00dfchance f\u00fcr uns, doch es hat nicht mehr<br \/>\n gereicht.<br \/>\n Wir h\u00e4tten es auf Grund der 2. Halbzeit verdient gehabt, den Ausgleich zu erzielen.<br \/>\n Positiv aufgefallen sind Tomek, Zumi und Pommes.<\/p>\n<p>Volksbank Reservecup Finale gegen Falke Steinfeld II am 04.08.09<br \/>\n Nachdem wir uns mit einem Sieg gegen Damme II f\u00fcr das Finale qualifiziert<br \/>\n hatten, wollten wir gegen Steinfeld den Cup nach Hause holen.<br \/>\n Doch weit gefehlt \u2013 irgendwie scheint uns in der Anfangsphase noch<br \/>\n Der Schlaf in den Augen zu stecken. Alle stehen da und schauen zu<br \/>\n wie die Falken in der 2. Minute das 1:0 markieren.<br \/>\n Doch danach ging es langsam aufw\u00e4rts und Felix Hackmann lie\u00df aufblitzen,<br \/>\n wozu wir in der Lage sind. In der 11. Minute schiebt er die Kugel muster-<br \/>\n g\u00fcltig Thomas St\u00e4rk in die F\u00fc\u00dfe und dieser macht ganz cool das 1:1.<br \/>\n Dieses Tor scheint uns zu befl\u00fcgeln, denn wir stehen gut, gewinnen unsere<br \/>\n Zweik\u00e4mpfe und arbeiten uns Chancen heraus. Der flei\u00dfige Stefan (Pommes)<br \/>\n Garvels passt in der 77. Minute auf T. St\u00e4rk und der macht das Ding zum<br \/>\n 2:1 f\u00fcr uns rein. Insgesamt ein verdienter Sieg. Pott gewonnen, prima.<\/p>\n<p>Bericht von Stephan Ihorst<\/p>\n","protected":false},"excerpt":{"rendered":"<p>Spiel gegen Oythe II am 22.07.09 Stark begonnen, stark nachgelassen Gegen Oythe hatten wir einen guten Anfang. In der 10. Minute Angriff \u00fcber links durch Pommes, Pass in den 16er auf Bobby Bley, der lie\u00df sich nicht lange bitten und erzielte das 1:0 f\u00fcr uns. Doch schon in der 12. Minute fiel das 1:1 f\u00fcr [&hellip;]<\/p>\n","protected":false},"author":3,"featured_media":0,"comment_status":"closed","ping_status":"closed","sticky":false,"template":"","format":"standard","meta":{"footnotes":""},"categories":[3],"tags":[],"_links":{"self":[{"href":"https:\/\/sw-osterfeine.de\/index.php?rest_route=\/wp\/v2\/posts\/1159"}],"collection":[{"href":"https:\/\/sw-osterfeine.de\/index.php?rest_route=\/wp\/v2\/posts"}],"about":[{"href":"https:\/\/sw-osterfeine.de\/index.php?rest_route=\/wp\/v2\/types\/post"}],"author":[{"embeddable":true,"href":"https:\/\/sw-osterfeine.de\/index.php?rest_route=\/wp\/v2\/users\/3"}],"replies":[{"embeddable":true,"href":"https:\/\/sw-osterfeine.de\/index.php?rest_route=%2Fwp%2Fv2%2Fcomments&post=1159"}],"version-history":[{"count":5,"href":"https:\/\/sw-osterfeine.de\/index.php?rest_route=\/wp\/v2\/posts\/1159\/revisions"}],"predecessor-version":[{"id":1163,"href":"https:\/\/sw-osterfeine.de\/index.php?rest_route=\/wp\/v2\/posts\/1159\/revisions\/1163"}],"wp:attachment":[{"href":"https:\/\/sw-osterfeine.de\/index.php?rest_route=%2Fwp%2Fv2%2Fmedia&parent=1159"}],"wp:term":[{"taxonomy":"category","embeddable":true,"href":"https:\/\/sw-osterfeine.de\/index.php?rest_route=%2Fwp%2Fv2%2Fcategories&post=1159"},{"taxonomy":"post_tag","embeddable":true,"href":"https:\/\/sw-osterfeine.de\/index.php?rest_route=%2Fwp%2Fv2%2Ftags&post=1159"}],"curies":[{"name":"wp","href":"https:\/\/api.w.org\/{rel}","templated":true}]}}