{"id":1165,"date":"2009-08-10T17:19:45","date_gmt":"2009-08-10T16:19:45","guid":{"rendered":"http:\/\/sw-osterfeine.de\/?p=1165"},"modified":"2009-08-10T17:19:45","modified_gmt":"2009-08-10T16:19:45","slug":"gelungene-veranstaltung-der-handball-abteilung","status":"publish","type":"post","link":"https:\/\/sw-osterfeine.de\/?p=1165","title":{"rendered":"Gelungene Veranstaltung der Handball-Abteilung"},"content":{"rendered":"<p>Am 08.\/09.08.09 machten sich 80 handballbegeisterte Kinder, Jugendliche und Erwachsene auf den Weg nach Garrel. Dort fand an dem Wochenende ein internationales Beach- und\u00a0 Feldhandball-Turnier statt. Die Erste Damen, die Zweite Damen und die B-Jugend waren bereits am Samstag aktiv am Geschehen beteiligt. Erste und Zweite nahmen am Feldhandball-Turnier teil, die B-Jugend am Beachhandball-Turnier. Einen Pokal konnte an dem Tag die Erste einsacken, der zweite Platz wurde hier belegt.<br \/>\n Nach und nach\u00a0 reisten dann auch die anderen Jugendmannschaften an, um das Zeltlager aufzubauen. Nach einigen Wirren (und vielen helfenden Eltern) standen dann auch endlich alle gro\u00dfen und kleinen Zelte, Mamas und Papas wurden verabschiedet und die letzten Spiele der SWO-Mannschaften angesehen. Als danach im gro\u00dfen Festzelt die Kinderdisco begann, war Schwatt-Witt die vorherrschende Farbe! Die Kids pendelten zwischen Festzelt, Feldhandballplatz und Zeltplatz hin und her. Sp\u00e4ter lie\u00df es sich die Erste Damen nicht nehmen, ein Flunkieball-Spiel vor versammelter Mannschaft durchzuf\u00fchren. Das fanden auch die Kleineren ganz toll! Norbert Acker Wiese stellte kurzerhand zwei Kindermannschaften auf und diese trugen dann ihr Flunkieball-Spiel (nat\u00fcrlich mit Fanta!) vor den restlichen SWO-Spielern aus. \u00dcberhaupt zeigte sich der Trainer der Ersten begeistert von der Veranstaltung. \u201eWir sind n\u00e4chstes Jahr wieder dabei!\u201c sagte er noch am gleichen Abend zu.<br \/>\n Dann wurde es f\u00fcr alle Zeit, ins Zelt zu krabbeln, damit der kommende Spieltag auch erledigt werden konnte. Alle Mannschaften, bis auf die Zweite Damen, waren auch am Sonntag im Einsatz! Die Erste spielte ein Beach-Turnier und konnte wiederum den zweiten Platz erreichen. Die anderen Jugendmannschaften waren auf den super Rasenpl\u00e4tzen unterwegs. Viele tolle Spiele konnten wir beobachten, jede Mannschaft hatte immer Fans an der Seite! Nach einem langen Spieltag wurden dann gegen 16:30 Uhr die Pokale verteilt. Auch hier konnten wir noch einmal zuschlagen und den Pokal f\u00fcr den zweiten und dritten Platz bei den E-Jugendlichen abholen. Da war die Freude nat\u00fcrlich gro\u00df. Das Zeltlager war zwischenzeitlich von wiederum vielen helfenden H\u00e4nden abgebaut worden, so dass die m\u00fcden Handballerinnen auch direkt nach Ende des Turniers den Heimweg antreten konnten. F\u00fcr alle Beteiligten war es ein tolles Ereignis und wird sicherlich wiederholt! Ein herzliches Dankesch\u00f6n von dieser Stelle an die Eltern, Trainer und Betreuer, die sich enorm f\u00fcr dieses Wochenende eingesetzt haben! Ich denke, es hat uns allen trotz der Arbeit und des wenigen Schlafes viel Freude gemacht!<\/p>\n<p>Kerstin L\u00fcbbehusen<br \/>\n SWO-Handball<\/p>\n","protected":false},"excerpt":{"rendered":"<p>Am 08.\/09.08.09 machten sich 80 handballbegeisterte Kinder, Jugendliche und Erwachsene auf den Weg nach Garrel. Dort fand an dem Wochenende ein internationales Beach- und\u00a0 Feldhandball-Turnier statt. Die Erste Damen, die Zweite Damen und die B-Jugend waren bereits am Samstag aktiv am Geschehen beteiligt. Erste und Zweite nahmen am Feldhandball-Turnier teil, die B-Jugend am Beachhandball-Turnier. Einen [&hellip;]<\/p>\n","protected":false},"author":3,"featured_media":0,"comment_status":"closed","ping_status":"closed","sticky":false,"template":"","format":"standard","meta":{"footnotes":""},"categories":[1],"tags":[],"_links":{"self":[{"href":"https:\/\/sw-osterfeine.de\/index.php?rest_route=\/wp\/v2\/posts\/1165"}],"collection":[{"href":"https:\/\/sw-osterfeine.de\/index.php?rest_route=\/wp\/v2\/posts"}],"about":[{"href":"https:\/\/sw-osterfeine.de\/index.php?rest_route=\/wp\/v2\/types\/post"}],"author":[{"embeddable":true,"href":"https:\/\/sw-osterfeine.de\/index.php?rest_route=\/wp\/v2\/users\/3"}],"replies":[{"embeddable":true,"href":"https:\/\/sw-osterfeine.de\/index.php?rest_route=%2Fwp%2Fv2%2Fcomments&post=1165"}],"version-history":[{"count":3,"href":"https:\/\/sw-osterfeine.de\/index.php?rest_route=\/wp\/v2\/posts\/1165\/revisions"}],"predecessor-version":[{"id":1168,"href":"https:\/\/sw-osterfeine.de\/index.php?rest_route=\/wp\/v2\/posts\/1165\/revisions\/1168"}],"wp:attachment":[{"href":"https:\/\/sw-osterfeine.de\/index.php?rest_route=%2Fwp%2Fv2%2Fmedia&parent=1165"}],"wp:term":[{"taxonomy":"category","embeddable":true,"href":"https:\/\/sw-osterfeine.de\/index.php?rest_route=%2Fwp%2Fv2%2Fcategories&post=1165"},{"taxonomy":"post_tag","embeddable":true,"href":"https:\/\/sw-osterfeine.de\/index.php?rest_route=%2Fwp%2Fv2%2Ftags&post=1165"}],"curies":[{"name":"wp","href":"https:\/\/api.w.org\/{rel}","templated":true}]}}