{"id":1169,"date":"2009-08-13T13:31:24","date_gmt":"2009-08-13T12:31:24","guid":{"rendered":"http:\/\/sw-osterfeine.de\/?p=1169"},"modified":"2009-08-13T13:31:24","modified_gmt":"2009-08-13T12:31:24","slug":"dfb-bezirkspokal-sw-osterfeine-in-runde-3-gegen-sv-victoria-georgsmarienhutte","status":"publish","type":"post","link":"https:\/\/sw-osterfeine.de\/?p=1169","title":{"rendered":"DFB-Bezirkspokal: SW-Osterfeine in Runde 3 gegen SV Victoria Georgsmarienh\u00fctte"},"content":{"rendered":"<p>Am Mittwoch, d. 26.8.2009 um 19.00 empf\u00e4ngt unsere I-Herrenmannschaft den SV Victoria Georgsmarienh\u00fctte auf dem Sportplatz zum Pokalspiel.<br \/>\nNeben Falke Steinfeld und BW Lohne ist nur noch unsere Mannschaft in der 3. Runde vertreten. Durch den 3:0 Ausw\u00e4rtssieg in Rieste und dem gestrigen 4:3 gegen den TUS Bersenbr\u00fcck wurde dieses Spiel m\u00f6glich.<\/p>\n","protected":false},"excerpt":{"rendered":"<p>Am Mittwoch, d. 26.8.2009 um 19.00 empf\u00e4ngt unsere I-Herrenmannschaft den SV Victoria Georgsmarienh\u00fctte auf dem Sportplatz zum Pokalspiel. Neben Falke Steinfeld und BW Lohne ist nur noch unsere Mannschaft in der 3. Runde vertreten. Durch den 3:0 Ausw\u00e4rtssieg in Rieste und dem gestrigen 4:3 gegen den TUS Bersenbr\u00fcck wurde dieses Spiel m\u00f6glich.<\/p>\n","protected":false},"author":3,"featured_media":0,"comment_status":"closed","ping_status":"closed","sticky":false,"template":"","format":"standard","meta":{"footnotes":""},"categories":[3],"tags":[],"_links":{"self":[{"href":"https:\/\/sw-osterfeine.de\/index.php?rest_route=\/wp\/v2\/posts\/1169"}],"collection":[{"href":"https:\/\/sw-osterfeine.de\/index.php?rest_route=\/wp\/v2\/posts"}],"about":[{"href":"https:\/\/sw-osterfeine.de\/index.php?rest_route=\/wp\/v2\/types\/post"}],"author":[{"embeddable":true,"href":"https:\/\/sw-osterfeine.de\/index.php?rest_route=\/wp\/v2\/users\/3"}],"replies":[{"embeddable":true,"href":"https:\/\/sw-osterfeine.de\/index.php?rest_route=%2Fwp%2Fv2%2Fcomments&post=1169"}],"version-history":[{"count":1,"href":"https:\/\/sw-osterfeine.de\/index.php?rest_route=\/wp\/v2\/posts\/1169\/revisions"}],"predecessor-version":[{"id":1170,"href":"https:\/\/sw-osterfeine.de\/index.php?rest_route=\/wp\/v2\/posts\/1169\/revisions\/1170"}],"wp:attachment":[{"href":"https:\/\/sw-osterfeine.de\/index.php?rest_route=%2Fwp%2Fv2%2Fmedia&parent=1169"}],"wp:term":[{"taxonomy":"category","embeddable":true,"href":"https:\/\/sw-osterfeine.de\/index.php?rest_route=%2Fwp%2Fv2%2Fcategories&post=1169"},{"taxonomy":"post_tag","embeddable":true,"href":"https:\/\/sw-osterfeine.de\/index.php?rest_route=%2Fwp%2Fv2%2Ftags&post=1169"}],"curies":[{"name":"wp","href":"https:\/\/api.w.org\/{rel}","templated":true}]}}