{"id":1175,"date":"2009-08-19T10:49:34","date_gmt":"2009-08-19T09:49:34","guid":{"rendered":"http:\/\/sw-osterfeine.de\/?p=1175"},"modified":"2009-08-19T10:49:34","modified_gmt":"2009-08-19T09:49:34","slug":"handballvorbereitung-1-damen","status":"publish","type":"post","link":"https:\/\/sw-osterfeine.de\/?p=1175","title":{"rendered":"Handballvorbereitung 1. Damen"},"content":{"rendered":"<p>Osterfeine &#8211; Die Vorbereitung auf die Saison 2009\/ 2010 l\u00e4uft f\u00fcr Osterfeines Handballdamen auf Hochtouren. Mit Beach-, Lauf- und Halleneinheiten bringt Trainer \u201eAcker\u201c seine M\u00e4dels in Topform. Mehrmals trafen die Damen auf den Landesligisten Lemf\u00f6rde, der den Osterfeinern deutlich ihre Schw\u00e4chen aufzeigte. Am letzten Samstag und am Sonntag stand dann noch ein Feld- und Beachhandballturnier in Garrel, gegen teilweise h\u00f6herklassige Gegner wie SFN Vechta und VfL Wolfsburg, an. <\/p>\n<p>Mit von der Partie ist diese Saison auch eine neue Spielerin, die das Interesse von Landesklassentrainer Norbert Wiese geweckt hat. Katharina Hentemann setzt trotz ihres jungen Alters auf der R\u00fcckraumposition starke Akzente. Bei ihrem \u201eHammerwurf\u201c k\u00f6nnen sich die Teamkollegen durchaus eine Scheibe abschneiden. <br \/>\nEbenfalls fest im Kader integriert ist auch Torfrau Laura-Sophie B\u00f6ckerstette, die bereits letzte Saison \u201eSeniorenhandballluft\u201c schnupperte, obwohl sie altersm\u00e4\u00dfig noch A-Jugend spielen durfte.<\/p>\n<p>Leider m\u00fcssen auch zwei Abg\u00e4nge in der kommenden Saison kompensiert werden. Stefanie Putthoff wechselte wieder zu ihrem vorherigen Verein \u201eTV Dinklage\u201c, w\u00e4hrend Claudia Gravemeyer ihre Handballkarriere aus berufstechnischen Gr\u00fcnden vorerst auf Eis legen muss. <\/p>\n<p>Dennoch hofft das Team von Trainer Norbert Wiese auf eine erfolgreiche Saison, in der es darauf brennt zum vierten Mal in Folge den Vizemeistertitel zu holen (auf den haben die Osterfeiner M\u00e4dels schon Gewohnheitsrecht). <br \/>\nSaisonauftakt ist am 22. August gegen Cloppenburg. Dann versetzten die Handballm\u00e4dels ihren Gegner in Angst und Schrecken, wenn es wieder lautstark hei\u00dft: \u201e K\u00fche, Schweine, Osterfeine!\u201c<\/p>\n<p>Das Osterfeiner Aufgebot: Mandy Koplin, Daniela Osterhus, Karina Kramer, Isabel Zurwellen, Isabelle St\u00e4rk, Karin H\u00f6lzl, Katharina Witte, Jessica Schutt, Stefanie Peckskamp, Marina Rolfsen, Maria Dalinghaus, Laura-Sophie B\u00f6ckerstette, Katharina Hentemann, Marie-Therese St\u00e4rk, Ulrike Enneking, Dorothee kl. Hillmann, Verena kl. Hillmann<\/p>\n","protected":false},"excerpt":{"rendered":"<p>Osterfeine &#8211; Die Vorbereitung auf die Saison 2009\/ 2010 l\u00e4uft f\u00fcr Osterfeines Handballdamen auf Hochtouren. Mit Beach-, Lauf- und Halleneinheiten bringt Trainer \u201eAcker\u201c seine M\u00e4dels in Topform. Mehrmals trafen die Damen auf den Landesligisten Lemf\u00f6rde, der den Osterfeinern deutlich ihre Schw\u00e4chen aufzeigte. Am letzten Samstag und am Sonntag stand dann noch ein Feld- und Beachhandballturnier [&hellip;]<\/p>\n","protected":false},"author":3,"featured_media":0,"comment_status":"closed","ping_status":"closed","sticky":false,"template":"","format":"standard","meta":{"footnotes":""},"categories":[1],"tags":[],"_links":{"self":[{"href":"https:\/\/sw-osterfeine.de\/index.php?rest_route=\/wp\/v2\/posts\/1175"}],"collection":[{"href":"https:\/\/sw-osterfeine.de\/index.php?rest_route=\/wp\/v2\/posts"}],"about":[{"href":"https:\/\/sw-osterfeine.de\/index.php?rest_route=\/wp\/v2\/types\/post"}],"author":[{"embeddable":true,"href":"https:\/\/sw-osterfeine.de\/index.php?rest_route=\/wp\/v2\/users\/3"}],"replies":[{"embeddable":true,"href":"https:\/\/sw-osterfeine.de\/index.php?rest_route=%2Fwp%2Fv2%2Fcomments&post=1175"}],"version-history":[{"count":2,"href":"https:\/\/sw-osterfeine.de\/index.php?rest_route=\/wp\/v2\/posts\/1175\/revisions"}],"predecessor-version":[{"id":1177,"href":"https:\/\/sw-osterfeine.de\/index.php?rest_route=\/wp\/v2\/posts\/1175\/revisions\/1177"}],"wp:attachment":[{"href":"https:\/\/sw-osterfeine.de\/index.php?rest_route=%2Fwp%2Fv2%2Fmedia&parent=1175"}],"wp:term":[{"taxonomy":"category","embeddable":true,"href":"https:\/\/sw-osterfeine.de\/index.php?rest_route=%2Fwp%2Fv2%2Fcategories&post=1175"},{"taxonomy":"post_tag","embeddable":true,"href":"https:\/\/sw-osterfeine.de\/index.php?rest_route=%2Fwp%2Fv2%2Ftags&post=1175"}],"curies":[{"name":"wp","href":"https:\/\/api.w.org\/{rel}","templated":true}]}}