{"id":1195,"date":"2009-08-25T12:52:22","date_gmt":"2009-08-25T11:52:22","guid":{"rendered":"http:\/\/sw-osterfeine.de\/?p=1195"},"modified":"2009-08-25T12:54:47","modified_gmt":"2009-08-25T11:54:47","slug":"der-osv-ist-wieder-da","status":"publish","type":"post","link":"https:\/\/sw-osterfeine.de\/?p=1195","title":{"rendered":"Der OSV ist wieder da!!!"},"content":{"rendered":"<p>Hallo Fu\u00dfballfreunde!<br \/>\n Die ersten drei Spieltage der neuen Saison sind schon wieder absolviert und die Formkurve unserer Mannschaft zeigt deutlich nach oben. <br \/>\n Nachdem man zum Saisonauftakt in Steinfeld einen rabenschwarzen Tag erwischte und quasi chancenlos war, konnten wir im Heimspiel gegen Altenoythe und in Damme die ersten vier Punkte einfahren. Besonders der k\u00e4mpferische Einsatz war in diesen Spielen der Schl\u00fcssel zum Erfolg. Auch wenn spielerisch noch einige Luft nach oben ist, konnten wir durch ein diszipliniertes Spiel und vollen Einsatz \u00fcberzeugen. <br \/>\n Diese Einstellung ist auch im heutigen Spiel gegen Am. Lohne von N\u00f6ten. Wir erwarten heute mit Lohne eine s\u00fcdl\u00e4ndisch-gepr\u00e4gte Mannschaft, die f\u00fcr technisch feinen Fu\u00dfball steht. Die Kreisliga konnte im letzten Jahr kollektiv nur vor Lohne kapitulieren, da den Lohnern eigentlich keine Mannschaft das Wasser reichen konnte. Mit dem Aufstiegsgef\u00fchl im R\u00fccken sorgten sie auch in den ersten Bezirksliga-Spielen f\u00fcr Furore und konnten bereits sechs Punkte einfahren. Nicht zuletzt der Sieg in Holdorf zeigte, wozu diese Mannschaft f\u00e4hig ist. Herausragend agiert bei den Lohnern ihr Torj\u00e4ger Varol Can. Im letzten Jahr Torsch\u00fctzenk\u00f6nig in der Kreisliga, trifft er in dieser Saison in der Bezirksliga munter weiter. Mal schauen, wie er sich gegen einen der besten Verteidiger seit Jahren in der Bezirksliga, Janni Wehming, in Szene setzen kann. <br \/>\n Apropos Janni Wehming. Janni sprach nach dem Spiel gegen Altenoythe das an, was uns in der Vergangenheit immer stark gemacht hat und uns in der letzten Saison ein wenig abhanden gekommen ist. \u201eUnsere Heimspiele m\u00fcssen gewonnen werden!\u201c, erkl\u00e4rte der Abwehrstratege und verwies auf die vielen verschenkten Punkte bei unseren Heimauftritten in der letzten Saison. <br \/>\n Ob die drei Punkte gegen Lohne einfahren werden, entscheidet sich auch ganz entscheidend im Kopf\u00a0 der Mannschaft. Sollte nur einer denken, dass wir gegen einen Aufsteiger zu Hause locker die Punkte einsacken, ist das Spiel schon verloren. Gerade gegen technisch starke Mannschaften ist eine 100%-ige k\u00e4mpferische Leistung von N\u00f6ten. Nur wenn wir ann\u00e4hrend hei\u00df auf den Gegner sind, wie wir es auf\u00a0 Altenoythe oder Damme waren, k\u00f6nnen wir die Lohner heute in die Knie zwingen.<br \/>\n Der aufmerksame Beobachter hat es vielleicht schon in Damme mitbekommen: Die Alternativen im Kader sind wieder gr\u00f6\u00dfer geworden!! Und nicht nur quantitativ, sondern auch qualitativ hat sich unsere Personalsituation deutlich verbessert. Wenn man bedenkt, dass in Damme mit Fetten, Maxi, Taka, Buddy, P\u00fcllekin und Benny richtige Granaten auf der Bank sa\u00dfen, dann lacht das Herz eines jeden Osterfeiner Fu\u00dfballfreundes. An eine solch rosige Situation kann ich mich pers\u00f6nlich nur sehr vage zur\u00fcck erinnern. Gerade die R\u00fcckkehr von Maxi St\u00e4rk in der letzten Woche war beeindruckend. Aus taktischen Gr\u00fcnden kehrte er quasi von Null auf Hundert wieder auf den Fu\u00dfballplatz zur\u00fcck, und lief dort um sein Leben. Mit ein wenig Gl\u00fcck h\u00e4tte er uns sogar in Damme zum Sieg geschossen und das Traum-Comeback w\u00e4re perfekt gewesen. Hoffen wir nun, dass neben Maxi auch alle anderen weiterhin fit bleiben und dem\u00a0 Trainer sonntags die Entscheidung\u00a0 f\u00fcr die erste Elf so schwer wie m\u00f6glich f\u00e4llt.<br \/>\n Eine positive Nachricht gibt es auch von Andreas H\u00f6lzl zu berichten. Andreas wurde in der vergangenen Woche erfolgreich an der Schulter operiert und kann nun bald die Reha aufnehmen. F\u00fcr diesen schweren Weg w\u00fcnscht ihm die Mannschaft alles Gute!<\/p>\n<p>Euch Zuschauern w\u00fcnschen wir heute viel Spa\u00df beim Spiel. Hoffen wir alle, dass es sportlich fair zugeht und erfolgreich f\u00fcr uns ausgeht!<\/p>\n<p>F\u00fcr die erste Mannschaft!\u00a0\u00a0\u00a0 \u00a0\u00a0\u00a0 Harpe C<\/p>\n","protected":false},"excerpt":{"rendered":"<p>Hallo Fu\u00dfballfreunde! Die ersten drei Spieltage der neuen Saison sind schon wieder absolviert und die Formkurve unserer Mannschaft zeigt deutlich nach oben. Nachdem man zum Saisonauftakt in Steinfeld einen rabenschwarzen Tag erwischte und quasi chancenlos war, konnten wir im Heimspiel gegen Altenoythe und in Damme die ersten vier Punkte einfahren. Besonders der k\u00e4mpferische Einsatz war [&hellip;]<\/p>\n","protected":false},"author":3,"featured_media":0,"comment_status":"closed","ping_status":"closed","sticky":false,"template":"","format":"standard","meta":{"footnotes":""},"categories":[3],"tags":[],"_links":{"self":[{"href":"https:\/\/sw-osterfeine.de\/index.php?rest_route=\/wp\/v2\/posts\/1195"}],"collection":[{"href":"https:\/\/sw-osterfeine.de\/index.php?rest_route=\/wp\/v2\/posts"}],"about":[{"href":"https:\/\/sw-osterfeine.de\/index.php?rest_route=\/wp\/v2\/types\/post"}],"author":[{"embeddable":true,"href":"https:\/\/sw-osterfeine.de\/index.php?rest_route=\/wp\/v2\/users\/3"}],"replies":[{"embeddable":true,"href":"https:\/\/sw-osterfeine.de\/index.php?rest_route=%2Fwp%2Fv2%2Fcomments&post=1195"}],"version-history":[{"count":3,"href":"https:\/\/sw-osterfeine.de\/index.php?rest_route=\/wp\/v2\/posts\/1195\/revisions"}],"predecessor-version":[{"id":1197,"href":"https:\/\/sw-osterfeine.de\/index.php?rest_route=\/wp\/v2\/posts\/1195\/revisions\/1197"}],"wp:attachment":[{"href":"https:\/\/sw-osterfeine.de\/index.php?rest_route=%2Fwp%2Fv2%2Fmedia&parent=1195"}],"wp:term":[{"taxonomy":"category","embeddable":true,"href":"https:\/\/sw-osterfeine.de\/index.php?rest_route=%2Fwp%2Fv2%2Fcategories&post=1195"},{"taxonomy":"post_tag","embeddable":true,"href":"https:\/\/sw-osterfeine.de\/index.php?rest_route=%2Fwp%2Fv2%2Ftags&post=1195"}],"curies":[{"name":"wp","href":"https:\/\/api.w.org\/{rel}","templated":true}]}}