{"id":1213,"date":"2009-08-27T13:23:50","date_gmt":"2009-08-27T12:23:50","guid":{"rendered":"http:\/\/sw-osterfeine.de\/?p=1213"},"modified":"2009-08-27T13:23:50","modified_gmt":"2009-08-27T12:23:50","slug":"handballabteilung-plant-erste-hilfe-kurs","status":"publish","type":"post","link":"https:\/\/sw-osterfeine.de\/?p=1213","title":{"rendered":"Handballabteilung plant Erste-Hilfe-Kurs"},"content":{"rendered":"<p>Die Handballabteilung plant einen Erste-Hilfe-Kurs. Alle Trainer und Betreuer, aber auch alle anderen Interessierten k\u00f6nnen sich hierzu anmelden. Es handelt sich um den &#8222;gro\u00dfen&#8220; Kurs, der \u00fcber das Wochenende 03.10.\/04.10.09 geplant ist. Alle sind herzlich dazu eingeladen. Wir freuen uns \u00fcber jeden, der mit macht! Nutzt das Angebot in eurer N\u00e4he, meldet euch schnellst m\u00f6glich an bei Kerstin L\u00fcbbehusen, Tel. 05491\/994270.<\/p>\n","protected":false},"excerpt":{"rendered":"<p>Die Handballabteilung plant einen Erste-Hilfe-Kurs. Alle Trainer und Betreuer, aber auch alle anderen Interessierten k\u00f6nnen sich hierzu anmelden. Es handelt sich um den &#8222;gro\u00dfen&#8220; Kurs, der \u00fcber das Wochenende 03.10.\/04.10.09 geplant ist. Alle sind herzlich dazu eingeladen. Wir freuen uns \u00fcber jeden, der mit macht! Nutzt das Angebot in eurer N\u00e4he, meldet euch schnellst m\u00f6glich [&hellip;]<\/p>\n","protected":false},"author":3,"featured_media":0,"comment_status":"closed","ping_status":"closed","sticky":false,"template":"","format":"standard","meta":{"footnotes":""},"categories":[1],"tags":[],"_links":{"self":[{"href":"https:\/\/sw-osterfeine.de\/index.php?rest_route=\/wp\/v2\/posts\/1213"}],"collection":[{"href":"https:\/\/sw-osterfeine.de\/index.php?rest_route=\/wp\/v2\/posts"}],"about":[{"href":"https:\/\/sw-osterfeine.de\/index.php?rest_route=\/wp\/v2\/types\/post"}],"author":[{"embeddable":true,"href":"https:\/\/sw-osterfeine.de\/index.php?rest_route=\/wp\/v2\/users\/3"}],"replies":[{"embeddable":true,"href":"https:\/\/sw-osterfeine.de\/index.php?rest_route=%2Fwp%2Fv2%2Fcomments&post=1213"}],"version-history":[{"count":2,"href":"https:\/\/sw-osterfeine.de\/index.php?rest_route=\/wp\/v2\/posts\/1213\/revisions"}],"predecessor-version":[{"id":1215,"href":"https:\/\/sw-osterfeine.de\/index.php?rest_route=\/wp\/v2\/posts\/1213\/revisions\/1215"}],"wp:attachment":[{"href":"https:\/\/sw-osterfeine.de\/index.php?rest_route=%2Fwp%2Fv2%2Fmedia&parent=1213"}],"wp:term":[{"taxonomy":"category","embeddable":true,"href":"https:\/\/sw-osterfeine.de\/index.php?rest_route=%2Fwp%2Fv2%2Fcategories&post=1213"},{"taxonomy":"post_tag","embeddable":true,"href":"https:\/\/sw-osterfeine.de\/index.php?rest_route=%2Fwp%2Fv2%2Ftags&post=1213"}],"curies":[{"name":"wp","href":"https:\/\/api.w.org\/{rel}","templated":true}]}}