{"id":12343,"date":"2014-12-24T01:19:54","date_gmt":"2014-12-24T00:19:54","guid":{"rendered":"http:\/\/sw-osterfeine.de\/?p=12343"},"modified":"2014-12-24T01:19:54","modified_gmt":"2014-12-24T00:19:54","slug":"weihnachtsgruss","status":"publish","type":"post","link":"https:\/\/sw-osterfeine.de\/?p=12343","title":{"rendered":"Weihnachtsgru\u00df"},"content":{"rendered":"<p><a href=\"https:\/\/sw-osterfeine.de\/wp-content\/uploads\/2014\/12\/ih0m7d4h9q5.gif\" data-rel=\"lightbox-image-0\" data-rl_title=\"\" data-rl_caption=\"\" title=\"\"><img loading=\"lazy\" decoding=\"async\" class=\" wp-image-12349 alignright\" src=\"https:\/\/sw-osterfeine.de\/wp-content\/uploads\/2014\/12\/ih0m7d4h9q5-300x264.gif\" alt=\"ih0m7d4h9q5\" width=\"68\" height=\"60\" \/><\/a><\/p>\n<p><strong>Liebe Mitglieder und Freunde von SW Osterfeine,<\/strong><\/p>\n<p>das nahende Weihnachtsfest und der bevorstehende Jahreswechsel darf Anlass genug sein, an dieser Stelle im Namen des Vorstandes von Schwarz-Wei\u00df Osterfeine allen herzlich f\u00fcr die geleistete Arbeit zu danken.<\/p>\n<p>Neben den pers\u00f6nlichen Leistungen unserer Sportlerinnen und Sportler ist der Einsatz unserer Trainer, \u00dcbungsleiter, Betreuer, Schiedsrichter, Helfer, F\u00f6rderer und Funktion\u00e4re die Basis f\u00fcr unser Bestehen und f\u00fcr unsere Zukunft.<\/p>\n<p>Besonders die ehrenamtliche Arbeit unserer Mitglieder ist nicht hoch genug zu bewerten, ist doch niemand auch nur ann\u00e4hernd in der Lage diesen Einsatz und Aufwand mit Geld zu bezahlen.<\/p>\n<p>Wir w\u00fcnschen allen Mitgliedern einige ruhige Tage, um das Sportjahr 2014 in aller Ruhe Revue passieren zu lassen aber auch dann den Mut und die Kraft positiv und optimistisch ins Sportjahr 2015 zu starten.<\/p>\n<p><strong>Friedliche Weihnachten und ein gesundes neues Jahr<\/strong><\/p>\n<p>Bernard Piening<br \/>\n 1.Vorsitzender SW Osterfeine<br \/>\n <a href=\"https:\/\/sw-osterfeine.de\/wp-content\/uploads\/2014\/12\/weihnachten-05461.gif\" data-rel=\"lightbox-image-1\" data-rl_title=\"\" data-rl_caption=\"\" title=\"\"><img loading=\"lazy\" decoding=\"async\" class=\"wp-image-12348 aligncenter\" src=\"https:\/\/sw-osterfeine.de\/wp-content\/uploads\/2014\/12\/weihnachten-05461-300x212.gif\" alt=\"weihnachten-0546\" width=\"183\" height=\"129\" \/><\/a><\/p>\n<p>&nbsp;<\/p>\n","protected":false},"excerpt":{"rendered":"<p>Liebe Mitglieder und Freunde von SW Osterfeine, das nahende Weihnachtsfest und der bevorstehende Jahreswechsel darf Anlass genug sein, an dieser Stelle im Namen des Vorstandes von Schwarz-Wei\u00df Osterfeine allen herzlich f\u00fcr die geleistete Arbeit zu danken. Neben den pers\u00f6nlichen Leistungen unserer Sportlerinnen und Sportler ist der Einsatz unserer Trainer, \u00dcbungsleiter, Betreuer, Schiedsrichter, Helfer, F\u00f6rderer und [&hellip;]<\/p>\n","protected":false},"author":3,"featured_media":0,"comment_status":"closed","ping_status":"closed","sticky":false,"template":"","format":"standard","meta":{"footnotes":""},"categories":[37],"tags":[],"_links":{"self":[{"href":"https:\/\/sw-osterfeine.de\/index.php?rest_route=\/wp\/v2\/posts\/12343"}],"collection":[{"href":"https:\/\/sw-osterfeine.de\/index.php?rest_route=\/wp\/v2\/posts"}],"about":[{"href":"https:\/\/sw-osterfeine.de\/index.php?rest_route=\/wp\/v2\/types\/post"}],"author":[{"embeddable":true,"href":"https:\/\/sw-osterfeine.de\/index.php?rest_route=\/wp\/v2\/users\/3"}],"replies":[{"embeddable":true,"href":"https:\/\/sw-osterfeine.de\/index.php?rest_route=%2Fwp%2Fv2%2Fcomments&post=12343"}],"version-history":[{"count":5,"href":"https:\/\/sw-osterfeine.de\/index.php?rest_route=\/wp\/v2\/posts\/12343\/revisions"}],"predecessor-version":[{"id":12354,"href":"https:\/\/sw-osterfeine.de\/index.php?rest_route=\/wp\/v2\/posts\/12343\/revisions\/12354"}],"wp:attachment":[{"href":"https:\/\/sw-osterfeine.de\/index.php?rest_route=%2Fwp%2Fv2%2Fmedia&parent=12343"}],"wp:term":[{"taxonomy":"category","embeddable":true,"href":"https:\/\/sw-osterfeine.de\/index.php?rest_route=%2Fwp%2Fv2%2Fcategories&post=12343"},{"taxonomy":"post_tag","embeddable":true,"href":"https:\/\/sw-osterfeine.de\/index.php?rest_route=%2Fwp%2Fv2%2Ftags&post=12343"}],"curies":[{"name":"wp","href":"https:\/\/api.w.org\/{rel}","templated":true}]}}