{"id":12398,"date":"2015-01-08T08:34:39","date_gmt":"2015-01-08T07:34:39","guid":{"rendered":"http:\/\/sw-osterfeine.de\/?p=12398"},"modified":"2015-01-08T08:36:12","modified_gmt":"2015-01-08T07:36:12","slug":"silvesterlauf-in-muehlen","status":"publish","type":"post","link":"https:\/\/sw-osterfeine.de\/?p=12398","title":{"rendered":"Silvesterlauf in M\u00fchlen"},"content":{"rendered":"<p>Traditionell zum Jahresabschluss hat der Lauftreff wieder mit einer gro\u00dfen Abordnung am Silvesterlauf in M\u00fchlen teilgenommen. Insgesamt waren 20 L\u00e4ufer vom OSV in M\u00fchlen vertreten.<br \/>\n Mit \u00fcber 1000 Teilnehmern und sehr guten \u00e4u\u00dferen Bedingungen war der Silvesterlauf wieder ein absolutes Highlight. Au\u00dferdem eine gute Gelegenheit unsere neuen Laufjacken zu pr\u00e4sentieren. <br \/>\n Jetzt zum sportlichen Teil. Hier die gelaufenen Ergebnisse:<\/p>\n<p><span style=\"text-decoration: underline;\">10km Lauf der Frauen<\/span><br \/>\n Tanja Lapke \/ Platz 21 \/ 49:15 min<br \/>\n Marina Freking \/ Platz 72 \/ 57:50 min<br \/>\n <strong>Insgesamt 105 Teilnehmer<\/strong><\/p>\n<p><span style=\"text-decoration: underline;\">10km Lauf der Herren<\/span><br \/>\n Dawid Wadulla \/ Platz 38 \/ 40:35 min<br \/>\n Franz Steinkamp \/ Platz 63 \/ 42:45 min<br \/>\n Marco Middendorf \/ Platz 125 \/ 46:14 min<br \/>\n Markus Niehues \/ Platz 152 \/ 47:13 min<br \/>\n Bernd Schildmeyer \/ Platz 176 \/ 48:28 min<br \/>\n Hans-J\u00fcrgen Lapke \/ Platz 177 \/ 48:31 min<br \/>\n J\u00fcrgen Kreinest \/ Platz 178 \/ 48:32min<br \/>\n Marco Otte \/ Platz 192 \/ 49:01 min<br \/>\n Theo M\u00f6nnich \/ Platz 212 \/ 49:46 min<br \/>\n Ulrich Lampe \/ Platz 225 \/ 50:09 min<br \/>\n Roland Kratz \/ Platz 295 \/ 53:59 min<br \/>\n Jan Pohlschneider \/ Platz 312 \/ 55:06<br \/>\n <strong>Insgesamt 375 Teilnehmer<\/strong><\/p>\n<p><!--more--><\/p>\n<p><span style=\"text-decoration: underline;\">6,5km Lauf der Herren<\/span><br \/>\n Andreas Robke \/ 52 Platz \/ 31:08 min<br \/>\n Frank Zerhusen \/ 125 Platz \/ 36:13 min<br \/>\n Andre B\u00f6ckmann \/ 131 Platz \/ 36:48 min<br \/>\n Stephan B\u00f6ckerstette \/ 141 Platz \/ 37:58 min<br \/>\n <strong>Insgesamt 181 Teilnehmer<\/strong><\/p>\n<p><span style=\"text-decoration: underline;\">3km Lauf der Herren<\/span><br \/>\n Dennis Steinkamp \/ 26 Platz \/ 14:12 min<br \/>\n <strong>Insgesamt 137 Teilnehmer<\/strong><\/p>\n<p>Nach dem Lauf gab es wie gewohnt warmen Tee und der eine oder andere hat dann zum Abschluss im Zelt noch ein Jahresendbier getrunken.<\/p>\n<p><strong>Ein herzliches Danksch\u00f6n an alle Teilnehmer und wir sehen uns wieder im n\u00e4chsten Jahr.<\/strong><\/p>\n\n\t\t<style type=\"text\/css\">\n\t\t\t#gallery-1 {\n\t\t\t\tmargin: auto;\n\t\t\t}\n\t\t\t#gallery-1 .gallery-item {\n\t\t\t\tfloat: left;\n\t\t\t\tmargin-top: 10px;\n\t\t\t\ttext-align: center;\n\t\t\t\twidth: 25%;\n\t\t\t}\n\t\t\t#gallery-1 img {\n\t\t\t\tborder: 2px solid #cfcfcf;\n\t\t\t}\n\t\t\t#gallery-1 .gallery-caption {\n\t\t\t\tmargin-left: 0;\n\t\t\t}\n\t\t\t\/* see gallery_shortcode() in wp-includes\/media.php *\/\n\t\t<\/style>\n\t\t<div id='gallery-1' class='gallery galleryid-12398 gallery-columns-4 gallery-size-thumbnail'><dl class='gallery-item'>\n\t\t\t<dt class='gallery-icon landscape'>\n\t\t\t\t<a href='https:\/\/sw-osterfeine.de\/wp-content\/uploads\/2015\/01\/2014-12-31-13.44.17.jpg' title=\"\" data-rl_title=\"\" class=\"rl-gallery-link\" data-rl_caption=\"\" data-rel=\"lightbox-gallery-1\"><img loading=\"lazy\" decoding=\"async\" width=\"150\" height=\"150\" src=\"https:\/\/sw-osterfeine.de\/wp-content\/uploads\/2015\/01\/2014-12-31-13.44.17-150x150.jpg\" class=\"attachment-thumbnail size-thumbnail\" alt=\"\" \/><\/a>\n\t\t\t<\/dt><\/dl><dl class='gallery-item'>\n\t\t\t<dt class='gallery-icon landscape'>\n\t\t\t\t<a href='https:\/\/sw-osterfeine.de\/wp-content\/uploads\/2015\/01\/2014-12-31-13.44.49-1.jpg' title=\"\" data-rl_title=\"\" class=\"rl-gallery-link\" data-rl_caption=\"\" data-rel=\"lightbox-gallery-1\"><img loading=\"lazy\" decoding=\"async\" width=\"150\" height=\"150\" src=\"https:\/\/sw-osterfeine.de\/wp-content\/uploads\/2015\/01\/2014-12-31-13.44.49-1-150x150.jpg\" class=\"attachment-thumbnail size-thumbnail\" alt=\"\" \/><\/a>\n\t\t\t<\/dt><\/dl><dl class='gallery-item'>\n\t\t\t<dt class='gallery-icon landscape'>\n\t\t\t\t<a href='https:\/\/sw-osterfeine.de\/wp-content\/uploads\/2015\/01\/2014-12-31-13.44.49-2.jpg' title=\"\" data-rl_title=\"\" class=\"rl-gallery-link\" data-rl_caption=\"\" data-rel=\"lightbox-gallery-1\"><img loading=\"lazy\" decoding=\"async\" width=\"150\" height=\"150\" src=\"https:\/\/sw-osterfeine.de\/wp-content\/uploads\/2015\/01\/2014-12-31-13.44.49-2-150x150.jpg\" class=\"attachment-thumbnail size-thumbnail\" alt=\"\" \/><\/a>\n\t\t\t<\/dt><\/dl><dl class='gallery-item'>\n\t\t\t<dt class='gallery-icon landscape'>\n\t\t\t\t<a href='https:\/\/sw-osterfeine.de\/wp-content\/uploads\/2015\/01\/2014-12-31-13.44.49.jpg' title=\"\" data-rl_title=\"\" class=\"rl-gallery-link\" data-rl_caption=\"\" data-rel=\"lightbox-gallery-1\"><img loading=\"lazy\" decoding=\"async\" width=\"150\" height=\"150\" src=\"https:\/\/sw-osterfeine.de\/wp-content\/uploads\/2015\/01\/2014-12-31-13.44.49-150x150.jpg\" class=\"attachment-thumbnail size-thumbnail\" alt=\"\" \/><\/a>\n\t\t\t<\/dt><\/dl><br style=\"clear: both\" \/><dl class='gallery-item'>\n\t\t\t<dt class='gallery-icon landscape'>\n\t\t\t\t<a href='https:\/\/sw-osterfeine.de\/wp-content\/uploads\/2015\/01\/2014-12-31-13.44.50.jpg' title=\"\" data-rl_title=\"\" class=\"rl-gallery-link\" data-rl_caption=\"\" data-rel=\"lightbox-gallery-1\"><img loading=\"lazy\" decoding=\"async\" width=\"150\" height=\"150\" src=\"https:\/\/sw-osterfeine.de\/wp-content\/uploads\/2015\/01\/2014-12-31-13.44.50-150x150.jpg\" class=\"attachment-thumbnail size-thumbnail\" alt=\"\" \/><\/a>\n\t\t\t<\/dt><\/dl><dl class='gallery-item'>\n\t\t\t<dt class='gallery-icon landscape'>\n\t\t\t\t<a href='https:\/\/sw-osterfeine.de\/wp-content\/uploads\/2015\/01\/2014-12-31-13.44.51.jpg' title=\"\" data-rl_title=\"\" class=\"rl-gallery-link\" data-rl_caption=\"\" data-rel=\"lightbox-gallery-1\"><img loading=\"lazy\" decoding=\"async\" width=\"150\" height=\"150\" src=\"https:\/\/sw-osterfeine.de\/wp-content\/uploads\/2015\/01\/2014-12-31-13.44.51-150x150.jpg\" class=\"attachment-thumbnail size-thumbnail\" alt=\"\" \/><\/a>\n\t\t\t<\/dt><\/dl><dl class='gallery-item'>\n\t\t\t<dt class='gallery-icon portrait'>\n\t\t\t\t<a href='https:\/\/sw-osterfeine.de\/wp-content\/uploads\/2015\/01\/2014-12-31-13.44.53.jpg' title=\"\" data-rl_title=\"\" class=\"rl-gallery-link\" data-rl_caption=\"\" data-rel=\"lightbox-gallery-1\"><img loading=\"lazy\" decoding=\"async\" width=\"150\" height=\"150\" src=\"https:\/\/sw-osterfeine.de\/wp-content\/uploads\/2015\/01\/2014-12-31-13.44.53-150x150.jpg\" class=\"attachment-thumbnail size-thumbnail\" alt=\"\" \/><\/a>\n\t\t\t<\/dt><\/dl><dl class='gallery-item'>\n\t\t\t<dt class='gallery-icon landscape'>\n\t\t\t\t<a href='https:\/\/sw-osterfeine.de\/wp-content\/uploads\/2015\/01\/2014-12-31-15.23.43.jpg' title=\"\" data-rl_title=\"\" class=\"rl-gallery-link\" data-rl_caption=\"\" data-rel=\"lightbox-gallery-1\"><img loading=\"lazy\" decoding=\"async\" width=\"150\" height=\"150\" src=\"https:\/\/sw-osterfeine.de\/wp-content\/uploads\/2015\/01\/2014-12-31-15.23.43-150x150.jpg\" class=\"attachment-thumbnail size-thumbnail\" alt=\"\" \/><\/a>\n\t\t\t<\/dt><\/dl><br style=\"clear: both\" \/>\n\t\t<\/div>\n\n","protected":false},"excerpt":{"rendered":"<p>Traditionell zum Jahresabschluss hat der Lauftreff wieder mit einer gro\u00dfen Abordnung am Silvesterlauf in M\u00fchlen teilgenommen. Insgesamt waren 20 L\u00e4ufer vom OSV in M\u00fchlen vertreten. Mit \u00fcber 1000 Teilnehmern und sehr guten \u00e4u\u00dferen Bedingungen war der Silvesterlauf wieder ein absolutes Highlight. Au\u00dferdem eine gute Gelegenheit unsere neuen Laufjacken zu pr\u00e4sentieren. Jetzt zum sportlichen Teil. Hier [&hellip;]<\/p>\n","protected":false},"author":3,"featured_media":0,"comment_status":"closed","ping_status":"closed","sticky":false,"template":"","format":"standard","meta":{"footnotes":""},"categories":[38],"tags":[],"_links":{"self":[{"href":"https:\/\/sw-osterfeine.de\/index.php?rest_route=\/wp\/v2\/posts\/12398"}],"collection":[{"href":"https:\/\/sw-osterfeine.de\/index.php?rest_route=\/wp\/v2\/posts"}],"about":[{"href":"https:\/\/sw-osterfeine.de\/index.php?rest_route=\/wp\/v2\/types\/post"}],"author":[{"embeddable":true,"href":"https:\/\/sw-osterfeine.de\/index.php?rest_route=\/wp\/v2\/users\/3"}],"replies":[{"embeddable":true,"href":"https:\/\/sw-osterfeine.de\/index.php?rest_route=%2Fwp%2Fv2%2Fcomments&post=12398"}],"version-history":[{"count":6,"href":"https:\/\/sw-osterfeine.de\/index.php?rest_route=\/wp\/v2\/posts\/12398\/revisions"}],"predecessor-version":[{"id":12412,"href":"https:\/\/sw-osterfeine.de\/index.php?rest_route=\/wp\/v2\/posts\/12398\/revisions\/12412"}],"wp:attachment":[{"href":"https:\/\/sw-osterfeine.de\/index.php?rest_route=%2Fwp%2Fv2%2Fmedia&parent=12398"}],"wp:term":[{"taxonomy":"category","embeddable":true,"href":"https:\/\/sw-osterfeine.de\/index.php?rest_route=%2Fwp%2Fv2%2Fcategories&post=12398"},{"taxonomy":"post_tag","embeddable":true,"href":"https:\/\/sw-osterfeine.de\/index.php?rest_route=%2Fwp%2Fv2%2Ftags&post=12398"}],"curies":[{"name":"wp","href":"https:\/\/api.w.org\/{rel}","templated":true}]}}