{"id":13525,"date":"2015-06-16T10:43:14","date_gmt":"2015-06-16T08:43:14","guid":{"rendered":"http:\/\/sw-osterfeine.de\/?p=13525"},"modified":"2015-06-22T08:11:19","modified_gmt":"2015-06-22T06:11:19","slug":"visbek-die-2te","status":"publish","type":"post","link":"https:\/\/sw-osterfeine.de\/?p=13525","title":{"rendered":"Visbek die 2te"},"content":{"rendered":"<p><a href=\"https:\/\/sw-osterfeine.de\/wp-content\/uploads\/2015\/06\/VisbekFoto.jpg\" data-rel=\"lightbox-image-0\" data-rl_title=\"\" data-rl_caption=\"\" title=\"\"><img loading=\"lazy\" decoding=\"async\" class=\"alignleft wp-image-13530 size-medium\" src=\"https:\/\/sw-osterfeine.de\/wp-content\/uploads\/2015\/06\/VisbekFoto-300x168.jpg\" alt=\"VisbekFoto\" width=\"300\" height=\"168\" srcset=\"https:\/\/sw-osterfeine.de\/wp-content\/uploads\/2015\/06\/VisbekFoto-300x168.jpg 300w, https:\/\/sw-osterfeine.de\/wp-content\/uploads\/2015\/06\/VisbekFoto.jpg 1000w\" sizes=\"(max-width: 300px) 100vw, 300px\" \/><\/a>Mit einer 9-k\u00f6pfigen Delegation aus Osterfeine waren wir, bereits zum zweiten Mal, beim mittlerweile 11. Missionslauf in Visbek. Das besondere an diesem Lauf ist, das der gesamte Erl\u00f6s an die Visbeker Missionare in Malawie, Rum\u00e4nien, Sambia und Brasilien geht. Also Laufen und Gutes tun. Wie die Jahre zuvor war der Start\/Ziel-Bereich auf dem \u201ePastors Wisk\u201c ein wunderbarer Park in der N\u00e4he vom Pfarrheim, in unmittelbarer N\u00e4he Dusch- und Umkleidem\u00f6glichkeiten f\u00fcr die Sportler. Bester Standort f\u00fcr so einen Lauf, alles kompakt an einem Ort. Zur Auswahl standen jede Menge Streckenprofile, neben den Sch\u00fclerl\u00e4ufen 640 m und 1,25 km, der Staffellauf 4&#215;1250 m, die Jedermann\u00b4s-L\u00e4ufe 5,6 km und 10,6 km sowie der Halbmarathon. W\u00e4hrend der Halbmarathon mit 25 Teilnehmern, p\u00fcnktlich um 16:30 Uhr an den Start ging, folgten eine Stunde sp\u00e4ter 135 L\u00e4ufer auf der 5,6 und 10,6 km Distanz. Die Strecke war wieder einmal sehr sch\u00f6n aber auch eine echte Herausforderung f\u00fcr jeden Teilnehmer, nicht nur wegen der Hitze. Ein wirkliches Pfund die 10,6 km Strecke die der Halbmarathonie 2 mal durchlaufen durfte. Am liebsten w\u00e4re ich nach der ersten Runde schon vorzeitig unter die Dusche gegangen, da die Strecke aber mehr als Sehenswert war wollte ich diese nochmals durchlaufen ;-).<\/p>\n<p><!--more--><\/p>\n<p>Es lief mehr als gut nach den ersten Kilometern, nicht nur weil der sp\u00e4tere Erstplatzierte Manfred Ochsenfahrt aus Dinklage falsch abgebogen war und somit 400 m aufholen musste, sondern weil ich relativ schnell mein Tempo gefunden habe. Nach 1:36 Std. war es dann vorbei und ich konnte mich als Viertplatzierter auf die Rasenfl\u00e4che des Parks in die Sonne legen und den anderen Zieleinl\u00e4ufern applaudieren. Als Sieger des Tages stellte unser j\u00fcngster L\u00e4ufer, Jannik Steinkamp, jeden anderen in den Schatten, mit zwei Treppchenpl\u00e4tzen durfte er sich von uns feiern lassen. Super gemacht Jannik!! Und tolle Leistung seiner Trainer Tine und Zocker, die ihn jeden Mittwoch im Rahmen der Anf\u00e4ngergruppe betreuen. Abschlie\u00dfend l\u00e4\u00dft sich sagen, das es wieder eine tolle Veranstaltung war die wirklich Spa\u00df gemacht hat. Hoffentlich wird die Strecke n\u00e4chstes Jahr nicht so eine Tortur wie dieses Jahr.<\/p>\n<p>Videos von den Zieleinl\u00e4ufen gibt\u2019s unter <a href=\"http:\/\/www.erfundaus.de\/\">www.erfundaus.de<\/a>.<\/p>\n<p>Das n\u00e4chste Event ist bereits am <span style=\"text-decoration: underline;\">27.06.<\/span> in L\u00f6ningen.<\/p>\n<p><span style=\"text-decoration: underline;\">Zeiten\/ Platzierungen:<\/span><\/p>\n<p><strong>Halbmarathon<\/strong><\/p>\n<p>\u00a0Tine Nienaber\u00a0\u00a0\u00a0\u00a0\u00a0\u00a0\u00a0\u00a0\u00a0\u00a0\u00a0\u00a0\u00a0\u00a0\u00a0\u00a0\u00a0\u00a0\u00a0\u00a0\u00a0\u00a0\u00a0 1:55:40\u00a0\u00a0\u00a0\u00a0\u00a0\u00a0\u00a0\u00a0\u00a0\u00a0\u00a0 Platz 4<\/p>\n<p>Dawid Wadulla\u00a0\u00a0\u00a0\u00a0\u00a0\u00a0\u00a0\u00a0\u00a0\u00a0\u00a0\u00a0\u00a0\u00a0\u00a0\u00a0\u00a0\u00a0\u00a0\u00a0\u00a0 1:36:20\u00a0\u00a0\u00a0\u00a0\u00a0\u00a0\u00a0\u00a0\u00a0\u00a0\u00a0 Platz 4<\/p>\n<p><strong>\u00a010,6 Km<\/strong><\/p>\n<p>\u00a0Mirella Frangella\u00a0\u00a0\u00a0\u00a0\u00a0\u00a0\u00a0\u00a0\u00a0\u00a0\u00a0\u00a0\u00a0\u00a0\u00a0\u00a0\u00a0\u00a0\u00a0 1:03:29\u00a0\u00a0\u00a0\u00a0\u00a0\u00a0\u00a0\u00a0\u00a0\u00a0\u00a0 Platz 18<\/p>\n<p>Marina Freking\u00a0\u00a0\u00a0\u00a0\u00a0\u00a0\u00a0\u00a0\u00a0\u00a0\u00a0\u00a0\u00a0\u00a0\u00a0\u00a0\u00a0\u00a0\u00a0\u00a0\u00a0\u00a0 1:04:23\u00a0\u00a0\u00a0\u00a0\u00a0\u00a0\u00a0\u00a0\u00a0\u00a0\u00a0 Platz 24<\/p>\n<p>Frank Nordmann\u00a0\u00a0\u00a0\u00a0\u00a0\u00a0\u00a0\u00a0\u00a0\u00a0\u00a0\u00a0\u00a0\u00a0\u00a0\u00a0\u00a0\u00a0\u00a0\u00a0 56:00\u00a0\u00a0\u00a0\u00a0\u00a0\u00a0\u00a0\u00a0\u00a0\u00a0\u00a0\u00a0\u00a0\u00a0 Platz 30<\/p>\n<p>Roland Kratz\u00a0\u00a0\u00a0\u00a0\u00a0\u00a0\u00a0\u00a0\u00a0\u00a0\u00a0\u00a0\u00a0\u00a0 \u00a0\u00a0\u00a0\u00a0\u00a0\u00a0\u00a0\u00a0\u00a0\u00a0\u00a0 56:26\u00a0\u00a0\u00a0\u00a0\u00a0\u00a0\u00a0\u00a0\u00a0\u00a0\u00a0\u00a0\u00a0\u00a0 Platz 31<\/p>\n<p>Olaf Dickmajer\u00a0\u00a0\u00a0\u00a0\u00a0\u00a0\u00a0\u00a0\u00a0\u00a0\u00a0\u00a0\u00a0\u00a0\u00a0\u00a0\u00a0\u00a0\u00a0\u00a0\u00a0\u00a0 1:03:50\u00a0\u00a0\u00a0\u00a0\u00a0\u00a0\u00a0\u00a0\u00a0\u00a0\u00a0 Platz 51<\/p>\n<p><strong>\u00a05,6 Km<\/strong><\/p>\n<p>\u00a0Franz Steinkamp\u00a0\u00a0\u00a0\u00a0\u00a0\u00a0\u00a0\u00a0\u00a0\u00a0\u00a0\u00a0\u00a0\u00a0\u00a0\u00a0\u00a0\u00a0\u00a0\u00a0 25:10\u00a0\u00a0\u00a0\u00a0\u00a0\u00a0\u00a0\u00a0\u00a0\u00a0\u00a0\u00a0\u00a0\u00a0 Platz 8<\/p>\n<p><strong>\u00a01250 m<\/strong><\/p>\n<p>\u00a0Jannik Steinkamp (M11)\u00a0\u00a0\u00a0\u00a0\u00a0\u00a0\u00a0\u00a0 5:18\u00a0\u00a0\u00a0\u00a0\u00a0\u00a0\u00a0\u00a0\u00a0\u00a0\u00a0\u00a0\u00a0\u00a0\u00a0\u00a0 Platz 1<\/p>\n<p><strong>\u00a0640 m<\/strong><\/p>\n<p>\u00a0Jannik Steinkamp\u00a0\u00a0\u00a0\u00a0\u00a0\u00a0\u00a0\u00a0\u00a0\u00a0\u00a0\u00a0\u00a0\u00a0\u00a0\u00a0\u00a0\u00a0 2:34\u00a0\u00a0\u00a0\u00a0\u00a0\u00a0\u00a0\u00a0\u00a0\u00a0\u00a0\u00a0\u00a0\u00a0\u00a0\u00a0 Platz 2<\/p>\n","protected":false},"excerpt":{"rendered":"<p>Mit einer 9-k\u00f6pfigen Delegation aus Osterfeine waren wir, bereits zum zweiten Mal, beim mittlerweile 11. Missionslauf in Visbek. Das besondere an diesem Lauf ist, das der gesamte Erl\u00f6s an die Visbeker Missionare in Malawie, Rum\u00e4nien, Sambia und Brasilien geht. Also Laufen und Gutes tun. Wie die Jahre zuvor war der Start\/Ziel-Bereich auf dem \u201ePastors Wisk\u201c [&hellip;]<\/p>\n","protected":false},"author":3,"featured_media":0,"comment_status":"closed","ping_status":"closed","sticky":false,"template":"","format":"standard","meta":{"footnotes":""},"categories":[38],"tags":[],"_links":{"self":[{"href":"https:\/\/sw-osterfeine.de\/index.php?rest_route=\/wp\/v2\/posts\/13525"}],"collection":[{"href":"https:\/\/sw-osterfeine.de\/index.php?rest_route=\/wp\/v2\/posts"}],"about":[{"href":"https:\/\/sw-osterfeine.de\/index.php?rest_route=\/wp\/v2\/types\/post"}],"author":[{"embeddable":true,"href":"https:\/\/sw-osterfeine.de\/index.php?rest_route=\/wp\/v2\/users\/3"}],"replies":[{"embeddable":true,"href":"https:\/\/sw-osterfeine.de\/index.php?rest_route=%2Fwp%2Fv2%2Fcomments&post=13525"}],"version-history":[{"count":9,"href":"https:\/\/sw-osterfeine.de\/index.php?rest_route=\/wp\/v2\/posts\/13525\/revisions"}],"predecessor-version":[{"id":13577,"href":"https:\/\/sw-osterfeine.de\/index.php?rest_route=\/wp\/v2\/posts\/13525\/revisions\/13577"}],"wp:attachment":[{"href":"https:\/\/sw-osterfeine.de\/index.php?rest_route=%2Fwp%2Fv2%2Fmedia&parent=13525"}],"wp:term":[{"taxonomy":"category","embeddable":true,"href":"https:\/\/sw-osterfeine.de\/index.php?rest_route=%2Fwp%2Fv2%2Fcategories&post=13525"},{"taxonomy":"post_tag","embeddable":true,"href":"https:\/\/sw-osterfeine.de\/index.php?rest_route=%2Fwp%2Fv2%2Ftags&post=13525"}],"curies":[{"name":"wp","href":"https:\/\/api.w.org\/{rel}","templated":true}]}}