{"id":13587,"date":"2015-06-22T11:40:44","date_gmt":"2015-06-22T09:40:44","guid":{"rendered":"http:\/\/sw-osterfeine.de\/?p=13587"},"modified":"2015-06-22T11:40:44","modified_gmt":"2015-06-22T09:40:44","slug":"ferienbetreeung-07-04-10-04-2015","status":"publish","type":"post","link":"https:\/\/sw-osterfeine.de\/?p=13587","title":{"rendered":"Ferienbetreeung 07.04. &#8211; 10.04.2015"},"content":{"rendered":"<p>Ich m\u00f6chte mich noch einmal bei meinen ganzen Helfern bedanken, die mich so kr\u00e4ftig bei meinem Projekt &#8222;Ferienbetreuung&#8220; unterst\u00fctzt haben. Ein gro\u00dfes DANKESCH\u00d6N!!<\/p>\n<p>Au\u00dferdem m\u00f6chte ich mich noch bei SW Osterfeine bedanken. Vielen Dank f\u00fcr die Unterst\u00fctzung und das Vertrauen eurerseits.<\/p>\n<p>Und zu guter letzt nat\u00fcrlich auch bei den Kindern. Ihr habt mir eine sportreiche und lustige Woche bereitet. Ich hoffe ihr hattet genau so viel Spa\u00df wie ich !!<\/p>\n<p><strong>Vielen vielen herzlichen Dank!!!!<\/strong><\/p>\n<p>&nbsp;<\/p>\n<p>Hier k\u00f6nnt ihr nun meinen Projektbericht lesen:<\/p>\n<p><a href=\"https:\/\/sw-osterfeine.de\/wp-content\/uploads\/2015\/06\/BFD-Projektbericht-2015.pdf\">BFD Projektbericht 2015<\/a><\/p>\n","protected":false},"excerpt":{"rendered":"<p>Ich m\u00f6chte mich noch einmal bei meinen ganzen Helfern bedanken, die mich so kr\u00e4ftig bei meinem Projekt &#8222;Ferienbetreuung&#8220; unterst\u00fctzt haben. Ein gro\u00dfes DANKESCH\u00d6N!! Au\u00dferdem m\u00f6chte ich mich noch bei SW Osterfeine bedanken. Vielen Dank f\u00fcr die Unterst\u00fctzung und das Vertrauen eurerseits. Und zu guter letzt nat\u00fcrlich auch bei den Kindern. Ihr habt mir eine sportreiche [&hellip;]<\/p>\n","protected":false},"author":3,"featured_media":0,"comment_status":"closed","ping_status":"closed","sticky":false,"template":"","format":"standard","meta":{"footnotes":""},"categories":[37],"tags":[],"_links":{"self":[{"href":"https:\/\/sw-osterfeine.de\/index.php?rest_route=\/wp\/v2\/posts\/13587"}],"collection":[{"href":"https:\/\/sw-osterfeine.de\/index.php?rest_route=\/wp\/v2\/posts"}],"about":[{"href":"https:\/\/sw-osterfeine.de\/index.php?rest_route=\/wp\/v2\/types\/post"}],"author":[{"embeddable":true,"href":"https:\/\/sw-osterfeine.de\/index.php?rest_route=\/wp\/v2\/users\/3"}],"replies":[{"embeddable":true,"href":"https:\/\/sw-osterfeine.de\/index.php?rest_route=%2Fwp%2Fv2%2Fcomments&post=13587"}],"version-history":[{"count":1,"href":"https:\/\/sw-osterfeine.de\/index.php?rest_route=\/wp\/v2\/posts\/13587\/revisions"}],"predecessor-version":[{"id":13588,"href":"https:\/\/sw-osterfeine.de\/index.php?rest_route=\/wp\/v2\/posts\/13587\/revisions\/13588"}],"wp:attachment":[{"href":"https:\/\/sw-osterfeine.de\/index.php?rest_route=%2Fwp%2Fv2%2Fmedia&parent=13587"}],"wp:term":[{"taxonomy":"category","embeddable":true,"href":"https:\/\/sw-osterfeine.de\/index.php?rest_route=%2Fwp%2Fv2%2Fcategories&post=13587"},{"taxonomy":"post_tag","embeddable":true,"href":"https:\/\/sw-osterfeine.de\/index.php?rest_route=%2Fwp%2Fv2%2Ftags&post=13587"}],"curies":[{"name":"wp","href":"https:\/\/api.w.org\/{rel}","templated":true}]}}