{"id":13593,"date":"2015-06-25T08:31:55","date_gmt":"2015-06-25T06:31:55","guid":{"rendered":"http:\/\/sw-osterfeine.de\/?p=13593"},"modified":"2015-06-25T08:33:14","modified_gmt":"2015-06-25T06:33:14","slug":"spielplanerstellung-jugend-1516","status":"publish","type":"post","link":"https:\/\/sw-osterfeine.de\/?p=13593","title":{"rendered":"Spielplanerstellung Jugend 15\/16"},"content":{"rendered":"<p>Die Staffeleinteilung der B-Jugend hat sich nochmal ge\u00e4ndert.<\/p>\n<p>Unsere B-Jugend wird in der kommenden Saison in der <strong>Landesliga Staffel West<\/strong> anstatt S\u00fcd spielen.<\/p>\n<p><span style=\"text-decoration: underline;\">Hier k\u00f6nnt ihr euch jetzt schon die Tabelle und Spiele der B-Jugend angucken:<\/span><br \/>\n <a href=\"https:\/\/hvn-handball.liga.nu\/cgi-bin\/WebObjects\/nuLigaHBDE.woa\/wa\/groupPage?championship=HVN+2015%2F16&amp;group=195557\">Tabelle B-Jugend<\/a><\/p>\n","protected":false},"excerpt":{"rendered":"<p>Die Staffeleinteilung der B-Jugend hat sich nochmal ge\u00e4ndert. Unsere B-Jugend wird in der kommenden Saison in der Landesliga Staffel West anstatt S\u00fcd spielen. Hier k\u00f6nnt ihr euch jetzt schon die Tabelle und Spiele der B-Jugend angucken: Tabelle B-Jugend<\/p>\n","protected":false},"author":3,"featured_media":0,"comment_status":"closed","ping_status":"closed","sticky":false,"template":"","format":"standard","meta":{"footnotes":""},"categories":[1],"tags":[],"_links":{"self":[{"href":"https:\/\/sw-osterfeine.de\/index.php?rest_route=\/wp\/v2\/posts\/13593"}],"collection":[{"href":"https:\/\/sw-osterfeine.de\/index.php?rest_route=\/wp\/v2\/posts"}],"about":[{"href":"https:\/\/sw-osterfeine.de\/index.php?rest_route=\/wp\/v2\/types\/post"}],"author":[{"embeddable":true,"href":"https:\/\/sw-osterfeine.de\/index.php?rest_route=\/wp\/v2\/users\/3"}],"replies":[{"embeddable":true,"href":"https:\/\/sw-osterfeine.de\/index.php?rest_route=%2Fwp%2Fv2%2Fcomments&post=13593"}],"version-history":[{"count":2,"href":"https:\/\/sw-osterfeine.de\/index.php?rest_route=\/wp\/v2\/posts\/13593\/revisions"}],"predecessor-version":[{"id":13595,"href":"https:\/\/sw-osterfeine.de\/index.php?rest_route=\/wp\/v2\/posts\/13593\/revisions\/13595"}],"wp:attachment":[{"href":"https:\/\/sw-osterfeine.de\/index.php?rest_route=%2Fwp%2Fv2%2Fmedia&parent=13593"}],"wp:term":[{"taxonomy":"category","embeddable":true,"href":"https:\/\/sw-osterfeine.de\/index.php?rest_route=%2Fwp%2Fv2%2Fcategories&post=13593"},{"taxonomy":"post_tag","embeddable":true,"href":"https:\/\/sw-osterfeine.de\/index.php?rest_route=%2Fwp%2Fv2%2Ftags&post=13593"}],"curies":[{"name":"wp","href":"https:\/\/api.w.org\/{rel}","templated":true}]}}