{"id":13655,"date":"2015-07-09T08:58:34","date_gmt":"2015-07-09T06:58:34","guid":{"rendered":"http:\/\/sw-osterfeine.de\/?p=13655"},"modified":"2015-07-09T08:58:34","modified_gmt":"2015-07-09T06:58:34","slug":"om-cup-2015-in-essen","status":"publish","type":"post","link":"https:\/\/sw-osterfeine.de\/?p=13655","title":{"rendered":"OM-Cup 2015 in Essen"},"content":{"rendered":"<p><span style=\"text-decoration: underline;\"><strong>OM Cup am 04. + 05. Juli 2015 in Essen (Oldenburg)<br \/>\n<a href=\"http:\/\/www.om-cup-2015.de\">http:\/\/www.om-cup-2015.de<\/a><br \/>\n<\/strong><\/span><\/p>\n<p>Liebe Freunde von SW Osterfeine,<\/p>\n<p>am vergangenen Wochenende spielten wir mit der E1 und E2 (Jahrg\u00e4nge 2004 + 2005) beim diesj\u00e4hrigen OM Cup in Essen.<\/p>\n<p>Mit insgesamt 20 Spielern sowie 7 Trainern, Betreuern bzw. V\u00e4tern machten wir uns am Samstag gegen 10.30 Uhr auf den Weg nach Essen. Zuvor hatten wir bereits am Freitag unsere Zelte in Essen aufgeschlagen. Hierf\u00fcr ein Dank f\u00fcr die tatkr\u00e4ftige Mithilfe an die Feuerwehr Osterfeine, die uns wie im Vorjahr mit Equipment (Zelte, Tische + B\u00e4nke, H\u00e4nger etc.) ausgestattet hatte.<\/p>\n<p>Das gesamte Wochenende litt bekanntlich unter extrem hei\u00dfen Wetterbedingungen, auf die wir uns so gut als m\u00f6glich vorbereitet hatten. So waren wir mit Hektolitern von Trinkwasser und Kisten voller Obst nach Essen gefahren, um den Spieler bestm\u00f6gliche Bedingungen zu bieten. F\u00fcr die Jungs hatten wir den Temperaturen entsprechend auch noch einen gro\u00dfen Pool zur Abk\u00fchlung aufgebaut. Der Zeltplatz lag insgesamt sehr idyllisch unter B\u00e4umen direkt an der Hase. Prima Voraussetzungen also f\u00fcr das Turnier, auf das alle hin gefiebert hatten.<\/p>\n<p>Zu Beginn des Turniers gab es den obligatorischen Einmarsch aller 112 Mannschaften auf dem Platz vor der Haupttrib\u00fcne. Die Jungs interessierten sich nat\u00fcrlich in erster Linie f\u00fcr den Ehrengast, den DFB Sportdirektor Hansi Flick. Nachdem sie ihn entdeckt hatten, lie\u00df das Interesse aufgrund der extremen Sonneneinstrahlung jedoch relativ schnell sp\u00fcrbar nach\u2026.<\/p>\n<p>Nachdem die Spielb\u00e4lle via Fallschirmspringer eingeflogen wurden ging\u00b4s dann endlich mit dem wichtigsten, dem Fu\u00dfball, los!<\/p>\n<p>Die E1 war in der Leistungsklasse I angetreten. Hier durfte man sich also mit den besten Mannschaften der Kreis Cloppenburg und Vechta messen. U. a. traf man in der Vorrunde auf den Kreismeister aus Visbek. Unsere E2 war in der Leistungsklasse III angetreten.<\/p>\n<p><!--more--><\/p>\n<p>Gespielt wurde pro Leistungsklasse jeweils in vier Achtergruppen, aus der sich nur der jeweilige Gruppensieger f\u00fcr das Halbfinale qualifizieren konnte. Dies bedeutete also, dass man von Anfang an sprichw\u00f6rtlich am Ball zu sein hatte, um nicht fr\u00fchzeitig das Turnier ab schenken zu m\u00fcssen.<\/p>\n<p>Beide Teams begannen dementsprechend konzentriert und starteten mit Siegen in das Turnier. Das war nat\u00fcrlich goldig f\u00fcr die Moral und die Stimmung. Die E2 beendete den Samstag mit 3 Siegen in 3 Spielen ungeschlagen auf Platz 1. Somit konnte man gutgelaunt das Zeltplatzleben genie\u00dfen. Auch die E1 war stark und musste sich lediglich dem Kreismeister aus Visbek knapp geschlagen geben, so dass man trotzdem noch den m\u00f6glichen Halbfinaleinzug vor Augen hatte.<\/p>\n<p>So stand also f\u00fcr alle ein lockerer Tagesausklang bevor, bei dem sich auch im Laufe des Abends die Temperaturen zu idealem Zeltplatzwetter entwickelten. Die Jungs lagen im Pool oder kickten weiter, die Betreuer g\u00f6nnten sich ein bis zwei verdiente Feierabendgetr\u00e4nke. Der Abend wurde dann vom Veranstalter mit einem durchaus sehenswerten Feuerwerk beendet.<\/p>\n<p>Gegen 00.30 Uhr kamen auch die letzten in den Schlaf, der allerdings j\u00e4h gegen ca. 04.00 Uhr durch ein Gewitter beendet wurde. So mussten dann s\u00e4mtliche Zeltplatzbewohner den Fu\u00dfweg zur nahegelegenen Schule antreten, um letztlich niemanden unn\u00f6tig in Gefahr zu bringen. Nach einer knappen Stunde war der Spuk vorbei und es ging zur\u00fcck in die Zelte, nur leider war damit die eh schon kurze Nacht noch ein St\u00fcckchen k\u00fcrzer geworden.<\/p>\n<p>Nach anst\u00e4ndigem und ausgiebigem Fr\u00fchst\u00fcck machten wir uns um ca. 08.00 Uhr wieder auf zu den sonnt\u00e4glichen Spielen.<\/p>\n<p>F\u00fcr die E2 gab es gleich das richtungsweisende Spiel gegen den Tabellenzweiten aus Sternbusch, den es auf Distanz zu halten galt. Dies gelang auch durch ein am Ende gl\u00fcckliches aber auch redlich verdientes 2:2 Unentschieden. Es folgten zwei knappe 1:0 Erfolge mit denen v\u00f6llig \u00fcberraschend der vorzeitige Halbfinaleinzug perfekt gemacht werden konnte. Eine ganze starke Leistung unseres durchweg j\u00fcngeren Jahrgangs, mit der vorher niemand gerechnet hatte.<\/p>\n<p>Die E2 schlug sich ebenfalls sehr achtbar und verlor kein Turnierspiel mehr. In der gesamten Leistungsklasse I schoss nur ein Team mehr Tore als unsere Jungs aus Osterfeine und Umgebung. Letztlich wurde in der Gruppe ein ganz hervorragender zweiter Platz erreicht. Nur am sp\u00e4teren Finalisten aus Visbek gab es leider kein Vorbeikommen mehr. Wer wei\u00df, was sonst noch m\u00f6glich gewesen w\u00e4re.<\/p>\n<p>Im Halbfinale kam dann leider recht schnell das Aus f\u00fcr die E2. Der Gegner aus Oythe war schlicht besser und unsere Jungs wohl auch zu m\u00fcde, so dass auch das anschlie\u00dfende 9-Meter-Schie\u00dfen um den 3. Platz gegen Damme verloren ging. Allerdings konnten die Jungs beim Empfang des Pokals f\u00fcr den 4. Platz (von 32 in einer Leistungsstufe) schon wieder gl\u00fccklich lachen.<\/p>\n<p>Insgesamt fanden wir in Essen einen super durchorganisierten Turnierablauf vor. Insbesondere aufgrund der gezeigten sportlichen Leistungen beider Mannschaften war dieses Turnier ein echtes Highlight.<\/p>\n<p>Wir haben viele Eindr\u00fccke aus Essen mitgenommen. Die \u201eLatte\u201c f\u00fcr uns als Ausrichter des OM Cups 2016 liegt durchaus hoch. Nicht alles lief immer rund, aber wenn wir es \u00e4hnlich gut hinbekommen, kann das Turnier auf der Sportanlage in Osterfeine ein echter H\u00f6hepunkt f\u00fcr den Verein werden. Packen wir es gemeinsam an!<\/p>\n\n\t\t<style type=\"text\/css\">\n\t\t\t#gallery-1 {\n\t\t\t\tmargin: auto;\n\t\t\t}\n\t\t\t#gallery-1 .gallery-item {\n\t\t\t\tfloat: left;\n\t\t\t\tmargin-top: 10px;\n\t\t\t\ttext-align: center;\n\t\t\t\twidth: 20%;\n\t\t\t}\n\t\t\t#gallery-1 img {\n\t\t\t\tborder: 2px solid #cfcfcf;\n\t\t\t}\n\t\t\t#gallery-1 .gallery-caption {\n\t\t\t\tmargin-left: 0;\n\t\t\t}\n\t\t\t\/* see gallery_shortcode() in wp-includes\/media.php *\/\n\t\t<\/style>\n\t\t<div id='gallery-1' class='gallery galleryid-13655 gallery-columns-5 gallery-size-thumbnail'><dl class='gallery-item'>\n\t\t\t<dt class='gallery-icon landscape'>\n\t\t\t\t<a href='https:\/\/sw-osterfeine.de\/wp-content\/uploads\/2015\/07\/IMG-20150706-WA0004.jpg' title=\"\" data-rl_title=\"\" class=\"rl-gallery-link\" data-rl_caption=\"\" data-rel=\"lightbox-gallery-1\"><img loading=\"lazy\" decoding=\"async\" width=\"150\" height=\"150\" src=\"https:\/\/sw-osterfeine.de\/wp-content\/uploads\/2015\/07\/IMG-20150706-WA0004-150x150.jpg\" class=\"attachment-thumbnail size-thumbnail\" alt=\"\" \/><\/a>\n\t\t\t<\/dt><\/dl><dl class='gallery-item'>\n\t\t\t<dt class='gallery-icon landscape'>\n\t\t\t\t<a href='https:\/\/sw-osterfeine.de\/wp-content\/uploads\/2015\/07\/IMG_5188.jpg' title=\"\" data-rl_title=\"\" class=\"rl-gallery-link\" data-rl_caption=\"\" data-rel=\"lightbox-gallery-1\"><img loading=\"lazy\" decoding=\"async\" width=\"150\" height=\"150\" src=\"https:\/\/sw-osterfeine.de\/wp-content\/uploads\/2015\/07\/IMG_5188-150x150.jpg\" class=\"attachment-thumbnail size-thumbnail\" alt=\"\" \/><\/a>\n\t\t\t<\/dt><\/dl><dl class='gallery-item'>\n\t\t\t<dt class='gallery-icon landscape'>\n\t\t\t\t<a href='https:\/\/sw-osterfeine.de\/wp-content\/uploads\/2015\/07\/IMG_5190.jpg' title=\"\" data-rl_title=\"\" class=\"rl-gallery-link\" data-rl_caption=\"\" data-rel=\"lightbox-gallery-1\"><img loading=\"lazy\" decoding=\"async\" width=\"150\" height=\"150\" src=\"https:\/\/sw-osterfeine.de\/wp-content\/uploads\/2015\/07\/IMG_5190-150x150.jpg\" class=\"attachment-thumbnail size-thumbnail\" alt=\"\" \/><\/a>\n\t\t\t<\/dt><\/dl><dl class='gallery-item'>\n\t\t\t<dt class='gallery-icon landscape'>\n\t\t\t\t<a href='https:\/\/sw-osterfeine.de\/wp-content\/uploads\/2015\/07\/IMG_5195.jpg' title=\"\" data-rl_title=\"\" class=\"rl-gallery-link\" data-rl_caption=\"\" data-rel=\"lightbox-gallery-1\"><img loading=\"lazy\" decoding=\"async\" width=\"150\" height=\"150\" src=\"https:\/\/sw-osterfeine.de\/wp-content\/uploads\/2015\/07\/IMG_5195-150x150.jpg\" class=\"attachment-thumbnail size-thumbnail\" alt=\"\" \/><\/a>\n\t\t\t<\/dt><\/dl><dl class='gallery-item'>\n\t\t\t<dt class='gallery-icon landscape'>\n\t\t\t\t<a href='https:\/\/sw-osterfeine.de\/wp-content\/uploads\/2015\/07\/IMG_5213.jpg' title=\"\" data-rl_title=\"\" class=\"rl-gallery-link\" data-rl_caption=\"\" data-rel=\"lightbox-gallery-1\"><img loading=\"lazy\" decoding=\"async\" width=\"150\" height=\"150\" src=\"https:\/\/sw-osterfeine.de\/wp-content\/uploads\/2015\/07\/IMG_5213-150x150.jpg\" class=\"attachment-thumbnail size-thumbnail\" alt=\"\" \/><\/a>\n\t\t\t<\/dt><\/dl><br style=\"clear: both\" \/><dl class='gallery-item'>\n\t\t\t<dt class='gallery-icon landscape'>\n\t\t\t\t<a href='https:\/\/sw-osterfeine.de\/wp-content\/uploads\/2015\/07\/IMG_5238.jpg' title=\"\" data-rl_title=\"\" class=\"rl-gallery-link\" data-rl_caption=\"\" data-rel=\"lightbox-gallery-1\"><img loading=\"lazy\" decoding=\"async\" width=\"150\" height=\"150\" src=\"https:\/\/sw-osterfeine.de\/wp-content\/uploads\/2015\/07\/IMG_5238-150x150.jpg\" class=\"attachment-thumbnail size-thumbnail\" alt=\"\" \/><\/a>\n\t\t\t<\/dt><\/dl><dl class='gallery-item'>\n\t\t\t<dt class='gallery-icon landscape'>\n\t\t\t\t<a href='https:\/\/sw-osterfeine.de\/wp-content\/uploads\/2015\/07\/IMG_5368.jpg' title=\"\" data-rl_title=\"\" class=\"rl-gallery-link\" data-rl_caption=\"\" data-rel=\"lightbox-gallery-1\"><img loading=\"lazy\" decoding=\"async\" width=\"150\" height=\"150\" src=\"https:\/\/sw-osterfeine.de\/wp-content\/uploads\/2015\/07\/IMG_5368-150x150.jpg\" class=\"attachment-thumbnail size-thumbnail\" alt=\"\" \/><\/a>\n\t\t\t<\/dt><\/dl><dl class='gallery-item'>\n\t\t\t<dt class='gallery-icon landscape'>\n\t\t\t\t<a href='https:\/\/sw-osterfeine.de\/wp-content\/uploads\/2015\/07\/IMG_5411.jpg' title=\"\" data-rl_title=\"\" class=\"rl-gallery-link\" data-rl_caption=\"\" data-rel=\"lightbox-gallery-1\"><img loading=\"lazy\" decoding=\"async\" width=\"150\" height=\"150\" src=\"https:\/\/sw-osterfeine.de\/wp-content\/uploads\/2015\/07\/IMG_5411-150x150.jpg\" class=\"attachment-thumbnail size-thumbnail\" alt=\"\" \/><\/a>\n\t\t\t<\/dt><\/dl><dl class='gallery-item'>\n\t\t\t<dt class='gallery-icon landscape'>\n\t\t\t\t<a href='https:\/\/sw-osterfeine.de\/wp-content\/uploads\/2015\/07\/IMG_5420.jpg' title=\"\" data-rl_title=\"\" class=\"rl-gallery-link\" data-rl_caption=\"\" data-rel=\"lightbox-gallery-1\"><img loading=\"lazy\" decoding=\"async\" width=\"150\" height=\"150\" src=\"https:\/\/sw-osterfeine.de\/wp-content\/uploads\/2015\/07\/IMG_5420-150x150.jpg\" class=\"attachment-thumbnail size-thumbnail\" alt=\"\" \/><\/a>\n\t\t\t<\/dt><\/dl><dl class='gallery-item'>\n\t\t\t<dt class='gallery-icon landscape'>\n\t\t\t\t<a href='https:\/\/sw-osterfeine.de\/wp-content\/uploads\/2015\/07\/IMG_5430.jpg' title=\"\" data-rl_title=\"\" class=\"rl-gallery-link\" data-rl_caption=\"\" data-rel=\"lightbox-gallery-1\"><img loading=\"lazy\" decoding=\"async\" width=\"150\" height=\"150\" src=\"https:\/\/sw-osterfeine.de\/wp-content\/uploads\/2015\/07\/IMG_5430-150x150.jpg\" class=\"attachment-thumbnail size-thumbnail\" alt=\"\" \/><\/a>\n\t\t\t<\/dt><\/dl><br style=\"clear: both\" \/>\n\t\t<\/div>\n\n<p>\nMit sportlichem Gru\u00df<\/p>\n<p>Trainer u. Betreuerteam<\/p>\n","protected":false},"excerpt":{"rendered":"<p>OM Cup am 04. + 05. Juli 2015 in Essen (Oldenburg) http:\/\/www.om-cup-2015.de Liebe Freunde von SW Osterfeine, am vergangenen Wochenende spielten wir mit der E1 und E2 (Jahrg\u00e4nge 2004 + 2005) beim diesj\u00e4hrigen OM Cup in Essen. Mit insgesamt 20 Spielern sowie 7 Trainern, Betreuern bzw. V\u00e4tern machten wir uns am Samstag gegen 10.30 Uhr [&hellip;]<\/p>\n","protected":false},"author":3,"featured_media":0,"comment_status":"closed","ping_status":"closed","sticky":false,"template":"","format":"standard","meta":{"footnotes":""},"categories":[3],"tags":[],"_links":{"self":[{"href":"https:\/\/sw-osterfeine.de\/index.php?rest_route=\/wp\/v2\/posts\/13655"}],"collection":[{"href":"https:\/\/sw-osterfeine.de\/index.php?rest_route=\/wp\/v2\/posts"}],"about":[{"href":"https:\/\/sw-osterfeine.de\/index.php?rest_route=\/wp\/v2\/types\/post"}],"author":[{"embeddable":true,"href":"https:\/\/sw-osterfeine.de\/index.php?rest_route=\/wp\/v2\/users\/3"}],"replies":[{"embeddable":true,"href":"https:\/\/sw-osterfeine.de\/index.php?rest_route=%2Fwp%2Fv2%2Fcomments&post=13655"}],"version-history":[{"count":4,"href":"https:\/\/sw-osterfeine.de\/index.php?rest_route=\/wp\/v2\/posts\/13655\/revisions"}],"predecessor-version":[{"id":13669,"href":"https:\/\/sw-osterfeine.de\/index.php?rest_route=\/wp\/v2\/posts\/13655\/revisions\/13669"}],"wp:attachment":[{"href":"https:\/\/sw-osterfeine.de\/index.php?rest_route=%2Fwp%2Fv2%2Fmedia&parent=13655"}],"wp:term":[{"taxonomy":"category","embeddable":true,"href":"https:\/\/sw-osterfeine.de\/index.php?rest_route=%2Fwp%2Fv2%2Fcategories&post=13655"},{"taxonomy":"post_tag","embeddable":true,"href":"https:\/\/sw-osterfeine.de\/index.php?rest_route=%2Fwp%2Fv2%2Ftags&post=13655"}],"curies":[{"name":"wp","href":"https:\/\/api.w.org\/{rel}","templated":true}]}}