{"id":13670,"date":"2015-07-12T20:06:55","date_gmt":"2015-07-12T18:06:55","guid":{"rendered":"http:\/\/sw-osterfeine.de\/?p=13670"},"modified":"2015-07-17T08:28:33","modified_gmt":"2015-07-17T06:28:33","slug":"trainingsstart-unserer-herrenfussballer","status":"publish","type":"post","link":"https:\/\/sw-osterfeine.de\/?p=13670","title":{"rendered":"Trainingsstart unserer Herrenfu\u00dfballer"},"content":{"rendered":"<p>Unter der Leitung unseres neuen Spielertrainers Christian Schiffb\u00e4nker hat unsere I-Herrenmannschaft das Training f\u00fcr die neue Serie aufgenommen. Strahlender Sonnenschein begleitete bis dato jede Trainingseinheit auf dem Teppich von Platz I. Ohne gro\u00dfe \u00c4nderungen nahm der gewohnte Kader unserer Mannschaft die neue und megaschwere Serie in Angriff. Einzig die Jugendspieler Henrik Berens, Julian St\u00f6ppelmann, Freddy Lampe und Adrian Meyer sorgten f\u00fcr willkommene Blutauffrischung.<\/p>\n<p>Da sich doch fast alle Bezirksligisten unserer Liga wieder mit namhaften Spielern verst\u00e4rkten, arbeitet unser Trainerduo Schiffb\u00e4nker\/D\u00fcnnemann nun mit den neuesten Methoden der internationalen Luftfahrttechnik an der Verbesserung des fu\u00dfballerischen Vortrages unserer Mannschaft. Mit der Hilfe unseres leider derzeit verletzten Spielern Steffen Breitenstein konnte ein gro\u00dfer Schritt in die Fu\u00dfballzukunft von SW Osterfeine gemacht werden. Techniker \u2013 bezogen auf sein neues Flugobjekt \u2013 Breiti zeichnet jedes Training und Spiel unserer Mannschaft mit einer \u00fcber dem Platz schwebenden Drohne auf und gibt die Aufzeichnungen direkt an das Trainerteam weiter. Diese Aufzeichnungen k\u00f6nnen die Trainer dann direkt vor Ort oder im Heimstudio auswerten. Laufwege, taktische Varianten, Kontrolle \u00fcber Laufgeschwindigkeiten, P\u00fcnktlichkeiten oder jede andere nicht- oder doch\u00a0\u00a0 Bewegung, dem magischen Auge von Breiti entgeht aber auch gar nichts. Die Trainer haben seit Breitis Erfindung kein Auge mehr zugemacht und sind nur noch mit dem Auswerten besch\u00e4ftigt. Auch das Spiel gegen GW Brockdorf wurde von Breiti aus der Vogelperspektive aufgezeichnet. Die Auswertung folgt beim n\u00e4chsten Training vermutlich in einer l\u00e4ngeren Waldlaufeinheit. Revolution\u00e4r an Breits Erfindung ist jedoch die Tatsache, dass es Breiti gelungen ist, aus der Luft das Bewegungsprofil der letzten 24 Stunden eines jeden Spielers vor dem Spiel gegen Brockdorf aufzuzeichnen. Detailliert liegt so nun das Trinkverhalten aller Spieler am Abend vor dem Spiel auf dem Schreibtisch der Trainer oder auch ob die Dauer der Nachtruhe leistungsf\u00f6rdernd eingehalten wurde. Als Vollendung dieser technischen Revolution arbeitet Breiti gerade an der Live\u00fcbertragung der Spielerbewegungsprofile auf unsere neue OSV App. Erste Bilder k\u00f6nnt Ihr Euch hochladen bei Facebook Luftbild100.de\u00a0\u00a0\u00a0\u00a0\u00a0\u00a0\u00a0\u00a0\u00a0\u00a0\u00a0\u00a0\u00a0\u00a0\u00a0\u00a0\u00a0\u00a0\u00a0\u00a0\u00a0\u00a0\u00a0\u00a0\u00a0\u00a0\u00a0\u00a0\u00a0\u00a0\u00a0\u00a0\u00a0\u00a0\u00a0\u00a0\u00a0\u00a0\u00a0\u00a0\u00a0\u00a0\u00a0\u00a0\u00a0\u00a0\u00a0\u00a0\u00a0\u00a0\u00a0\u00a0\u00a0\u00a0\u00a0\u00a0\u00a0\u00a0\u00a0\u00a0\u00a0\u00a0\u00a0\u00a0\u00a0\u00a0\u00a0<\/p>\n<p><!--more--><\/p>\n<p>PS. Mittlerweile hat Breiti aus gegebenem Anlass direkt \u00fcber Spatz in Haverbeck eine Drohne festinstalliert. Trotz Breitis technische Erfindungen: v\u00f6llig verdient verlor unsere Mannschaft das erste Testspiel der neuen Serie mit 2:4 in Osterfeine gegen den Kreisligisten GW Brockdorf. Trotz der beiden Treffer von Steffen Kreymborg und Maxi St\u00e4rk lief unsere Mannschaft immer der deutlichen F\u00fchrung der G\u00e4ste hinterher. Es bleibt die Erkenntnis: Es ist noch viel zu tun in den n\u00e4chsten Wochen.\u00a0<\/p>\n<p>Ebenfalls in die Saisonvorbereitung sind unsere II-Herren unter der Leitung von Seppl Ripke bei einer guten Trainingsbeteiligung eingestiegen.<\/p>\n<p>Auch unsere II-Herren verlor das 1. Vorbereitungsspiel in Osterfeine mit 1:5 gegen den SV Hunteburg. Auch hier gilt das Motto: Es liegt noch viel Arbeit vor der Mannschaft.<\/p>\n<p>\u00a0Mit einer guten Trainingsbeteiligung wartete unsere Dritte beim 1. Training auf. N\u00e4chste Einheit: <strong>Donnerstag 19.00 Uhr<\/strong> in Osterfeine auf dem Teppich von Platz II.<\/p>\n\n\t\t<style type=\"text\/css\">\n\t\t\t#gallery-1 {\n\t\t\t\tmargin: auto;\n\t\t\t}\n\t\t\t#gallery-1 .gallery-item {\n\t\t\t\tfloat: left;\n\t\t\t\tmargin-top: 10px;\n\t\t\t\ttext-align: center;\n\t\t\t\twidth: 25%;\n\t\t\t}\n\t\t\t#gallery-1 img {\n\t\t\t\tborder: 2px solid #cfcfcf;\n\t\t\t}\n\t\t\t#gallery-1 .gallery-caption {\n\t\t\t\tmargin-left: 0;\n\t\t\t}\n\t\t\t\/* see gallery_shortcode() in wp-includes\/media.php *\/\n\t\t<\/style>\n\t\t<div id='gallery-1' class='gallery galleryid-13670 gallery-columns-4 gallery-size-thumbnail'><dl class='gallery-item'>\n\t\t\t<dt class='gallery-icon landscape'>\n\t\t\t\t<a href='https:\/\/sw-osterfeine.de\/wp-content\/uploads\/2015\/07\/Bild-2.jpg' title=\"\" data-rl_title=\"\" class=\"rl-gallery-link\" data-rl_caption=\"\" data-rel=\"lightbox-gallery-1\"><img loading=\"lazy\" decoding=\"async\" width=\"150\" height=\"150\" src=\"https:\/\/sw-osterfeine.de\/wp-content\/uploads\/2015\/07\/Bild-2-150x150.jpg\" class=\"attachment-thumbnail size-thumbnail\" alt=\"\" \/><\/a>\n\t\t\t<\/dt><\/dl><dl class='gallery-item'>\n\t\t\t<dt class='gallery-icon landscape'>\n\t\t\t\t<a href='https:\/\/sw-osterfeine.de\/wp-content\/uploads\/2015\/07\/Bild-1.jpg' title=\"\" data-rl_title=\"\" class=\"rl-gallery-link\" data-rl_caption=\"\" data-rel=\"lightbox-gallery-1\"><img loading=\"lazy\" decoding=\"async\" width=\"150\" height=\"150\" src=\"https:\/\/sw-osterfeine.de\/wp-content\/uploads\/2015\/07\/Bild-1-150x150.jpg\" class=\"attachment-thumbnail size-thumbnail\" alt=\"\" \/><\/a>\n\t\t\t<\/dt><\/dl><dl class='gallery-item'>\n\t\t\t<dt class='gallery-icon landscape'>\n\t\t\t\t<a href='https:\/\/sw-osterfeine.de\/wp-content\/uploads\/2015\/07\/Bild-3.jpg' title=\"\" data-rl_title=\"\" class=\"rl-gallery-link\" data-rl_caption=\"\" data-rel=\"lightbox-gallery-1\"><img loading=\"lazy\" decoding=\"async\" width=\"150\" height=\"150\" src=\"https:\/\/sw-osterfeine.de\/wp-content\/uploads\/2015\/07\/Bild-3-150x150.jpg\" class=\"attachment-thumbnail size-thumbnail\" alt=\"\" \/><\/a>\n\t\t\t<\/dt><\/dl><dl class='gallery-item'>\n\t\t\t<dt class='gallery-icon landscape'>\n\t\t\t\t<a href='https:\/\/sw-osterfeine.de\/wp-content\/uploads\/2015\/07\/Bild-4.jpg' title=\"\" data-rl_title=\"\" class=\"rl-gallery-link\" data-rl_caption=\"\" data-rel=\"lightbox-gallery-1\"><img loading=\"lazy\" decoding=\"async\" width=\"150\" height=\"150\" src=\"https:\/\/sw-osterfeine.de\/wp-content\/uploads\/2015\/07\/Bild-4-150x150.jpg\" class=\"attachment-thumbnail size-thumbnail\" alt=\"\" \/><\/a>\n\t\t\t<\/dt><\/dl><br style=\"clear: both\" \/>\n\t\t<\/div>\n\n","protected":false},"excerpt":{"rendered":"<p>Unter der Leitung unseres neuen Spielertrainers Christian Schiffb\u00e4nker hat unsere I-Herrenmannschaft das Training f\u00fcr die neue Serie aufgenommen. Strahlender Sonnenschein begleitete bis dato jede Trainingseinheit auf dem Teppich von Platz I. Ohne gro\u00dfe \u00c4nderungen nahm der gewohnte Kader unserer Mannschaft die neue und megaschwere Serie in Angriff. Einzig die Jugendspieler Henrik Berens, Julian St\u00f6ppelmann, Freddy [&hellip;]<\/p>\n","protected":false},"author":3,"featured_media":0,"comment_status":"closed","ping_status":"closed","sticky":false,"template":"","format":"standard","meta":{"footnotes":""},"categories":[3],"tags":[],"_links":{"self":[{"href":"https:\/\/sw-osterfeine.de\/index.php?rest_route=\/wp\/v2\/posts\/13670"}],"collection":[{"href":"https:\/\/sw-osterfeine.de\/index.php?rest_route=\/wp\/v2\/posts"}],"about":[{"href":"https:\/\/sw-osterfeine.de\/index.php?rest_route=\/wp\/v2\/types\/post"}],"author":[{"embeddable":true,"href":"https:\/\/sw-osterfeine.de\/index.php?rest_route=\/wp\/v2\/users\/3"}],"replies":[{"embeddable":true,"href":"https:\/\/sw-osterfeine.de\/index.php?rest_route=%2Fwp%2Fv2%2Fcomments&post=13670"}],"version-history":[{"count":5,"href":"https:\/\/sw-osterfeine.de\/index.php?rest_route=\/wp\/v2\/posts\/13670\/revisions"}],"predecessor-version":[{"id":13708,"href":"https:\/\/sw-osterfeine.de\/index.php?rest_route=\/wp\/v2\/posts\/13670\/revisions\/13708"}],"wp:attachment":[{"href":"https:\/\/sw-osterfeine.de\/index.php?rest_route=%2Fwp%2Fv2%2Fmedia&parent=13670"}],"wp:term":[{"taxonomy":"category","embeddable":true,"href":"https:\/\/sw-osterfeine.de\/index.php?rest_route=%2Fwp%2Fv2%2Fcategories&post=13670"},{"taxonomy":"post_tag","embeddable":true,"href":"https:\/\/sw-osterfeine.de\/index.php?rest_route=%2Fwp%2Fv2%2Ftags&post=13670"}],"curies":[{"name":"wp","href":"https:\/\/api.w.org\/{rel}","templated":true}]}}