{"id":13679,"date":"2015-07-14T09:17:49","date_gmt":"2015-07-14T07:17:49","guid":{"rendered":"http:\/\/sw-osterfeine.de\/?p=13679"},"modified":"2015-07-17T08:25:39","modified_gmt":"2015-07-17T06:25:39","slug":"2-basf-sommerlauf-in-lemfoerde","status":"publish","type":"post","link":"https:\/\/sw-osterfeine.de\/?p=13679","title":{"rendered":"2. BASF Sommerlauf in Lemf\u00f6rde"},"content":{"rendered":"<p>Zum zweiten Mal lud BASF Lemf\u00f6rde zum gemeinsamen Lauf f\u00fcr eine gute Sache ein. In diesem Jahr fand die Veranstaltung am 11. Juli bei besten \u00e4u\u00dferen Bedingungen im Rahmen des \u201eLemf\u00f6rder Sommers\u201c im neuen B\u00fcrgerpark statt. \u00dcber 90 L\u00e4ufer\/Innen begaben sich auf die 5 bzw. 10 km-Strecke und freuten sich \u00fcber ein gut organisiertes Rennen. Mit dabei 3 L\u00e4ufer aus Osterfeine die sich dieses Spektakel nicht entgehen lassen wollten.Uns bot sich ein sch\u00f6nes Bild, diverse Getr\u00e4nke-, Eis- und Pommesbuden um den Start\/Ziel-Bereich, eine gro\u00dfe B\u00fchne und zahlreiche Aussteller aus der Region. Einfach ein tolles Ambiente.<\/p>\n<p>Die Strecke f\u00fchrte durch die Stadt sowie durch etliche Wohnsiedlungen, zwar war die Beschilderung aufgrund der Gr\u00f6\u00dfe nicht grade ein Hilfe, aber daf\u00fcr standen ausreichend Streckenposten an den Kreuzungen. Die relativ schnelle Strecke lie\u00df 2 unserer Sportler direkt auf\u00b4s Treppchen katapulitieren. Abschlie\u00dfend l\u00e4\u00dft sich sagen&#8230;.tolles Event, gute Strecke, n\u00e4chstes mal wieder mit Osterfeiner Beteiligung.<\/p>\n<p>Das n\u00e4chste Laufevent ist bereits am 19.07 in Handorf-Langenberg.<\/p>\n<p>Tine Nienaber\u00a0\u00a0\u00a0\u00a0\u00a0\u00a0\u00a0\u00a0\u00a0\u00a0\u00a0\u00a0 5 km\u00a0\u00a0\u00a0\u00a0\u00a0\u00a0\u00a0\u00a0\u00a0\u00a0\u00a0\u00a0\u00a0\u00a0\u00a0 Pl.AK. 1\u00a0\u00a0\u00a0\u00a0\u00a0\u00a0\u00a0\u00a0 21:12 Min.<\/p>\n<p>Dawid Wadulla\u00a0\u00a0\u00a0\u00a0\u00a0\u00a0\u00a0\u00a0\u00a0\u00a0\u00a0 5 km\u00a0\u00a0\u00a0\u00a0\u00a0\u00a0\u00a0\u00a0\u00a0\u00a0\u00a0\u00a0\u00a0\u00a0\u00a0 Gesamt 3\u00a0\u00a0\u00a0\u00a0\u00a0\u00a0 18:27 Min.<\/p>\n<p>Jannik Steinkamp\u00a0\u00a0\u00a0\u00a0\u00a0 5 km\u00a0\u00a0\u00a0\u00a0\u00a0\u00a0\u00a0\u00a0\u00a0\u00a0\u00a0\u00a0 Gesamt 23\u00a0\u00a0\u00a0\u00a0\u00a0\u00a0 24:52 Min.<\/p>\n\n\t\t<style type=\"text\/css\">\n\t\t\t#gallery-1 {\n\t\t\t\tmargin: auto;\n\t\t\t}\n\t\t\t#gallery-1 .gallery-item {\n\t\t\t\tfloat: left;\n\t\t\t\tmargin-top: 10px;\n\t\t\t\ttext-align: center;\n\t\t\t\twidth: 33%;\n\t\t\t}\n\t\t\t#gallery-1 img {\n\t\t\t\tborder: 2px solid #cfcfcf;\n\t\t\t}\n\t\t\t#gallery-1 .gallery-caption {\n\t\t\t\tmargin-left: 0;\n\t\t\t}\n\t\t\t\/* see gallery_shortcode() in wp-includes\/media.php *\/\n\t\t<\/style>\n\t\t<div id='gallery-1' class='gallery galleryid-13679 gallery-columns-3 gallery-size-thumbnail'><dl class='gallery-item'>\n\t\t\t<dt class='gallery-icon landscape'>\n\t\t\t\t<a href='https:\/\/sw-osterfeine.de\/wp-content\/uploads\/2015\/07\/BASF-3.jpg' title=\"\" data-rl_title=\"\" class=\"rl-gallery-link\" data-rl_caption=\"\" data-rel=\"lightbox-gallery-1\"><img loading=\"lazy\" decoding=\"async\" width=\"150\" height=\"150\" src=\"https:\/\/sw-osterfeine.de\/wp-content\/uploads\/2015\/07\/BASF-3-150x150.jpg\" class=\"attachment-thumbnail size-thumbnail\" alt=\"\" \/><\/a>\n\t\t\t<\/dt><\/dl><dl class='gallery-item'>\n\t\t\t<dt class='gallery-icon landscape'>\n\t\t\t\t<a href='https:\/\/sw-osterfeine.de\/wp-content\/uploads\/2015\/07\/BASF-2.jpg' title=\"\" data-rl_title=\"\" class=\"rl-gallery-link\" data-rl_caption=\"\" data-rel=\"lightbox-gallery-1\"><img loading=\"lazy\" decoding=\"async\" width=\"150\" height=\"150\" src=\"https:\/\/sw-osterfeine.de\/wp-content\/uploads\/2015\/07\/BASF-2-150x150.jpg\" class=\"attachment-thumbnail size-thumbnail\" alt=\"\" \/><\/a>\n\t\t\t<\/dt><\/dl><dl class='gallery-item'>\n\t\t\t<dt class='gallery-icon landscape'>\n\t\t\t\t<a href='https:\/\/sw-osterfeine.de\/wp-content\/uploads\/2015\/07\/1BASF.jpg' title=\"\" data-rl_title=\"\" class=\"rl-gallery-link\" data-rl_caption=\"\" data-rel=\"lightbox-gallery-1\"><img loading=\"lazy\" decoding=\"async\" width=\"150\" height=\"150\" src=\"https:\/\/sw-osterfeine.de\/wp-content\/uploads\/2015\/07\/1BASF-150x150.jpg\" class=\"attachment-thumbnail size-thumbnail\" alt=\"\" \/><\/a>\n\t\t\t<\/dt><\/dl><br style=\"clear: both\" \/>\n\t\t<\/div>\n\n","protected":false},"excerpt":{"rendered":"<p>Zum zweiten Mal lud BASF Lemf\u00f6rde zum gemeinsamen Lauf f\u00fcr eine gute Sache ein. In diesem Jahr fand die Veranstaltung am 11. Juli bei besten \u00e4u\u00dferen Bedingungen im Rahmen des \u201eLemf\u00f6rder Sommers\u201c im neuen B\u00fcrgerpark statt. \u00dcber 90 L\u00e4ufer\/Innen begaben sich auf die 5 bzw. 10 km-Strecke und freuten sich \u00fcber ein gut organisiertes Rennen. [&hellip;]<\/p>\n","protected":false},"author":3,"featured_media":0,"comment_status":"closed","ping_status":"closed","sticky":false,"template":"","format":"standard","meta":{"footnotes":""},"categories":[38],"tags":[],"_links":{"self":[{"href":"https:\/\/sw-osterfeine.de\/index.php?rest_route=\/wp\/v2\/posts\/13679"}],"collection":[{"href":"https:\/\/sw-osterfeine.de\/index.php?rest_route=\/wp\/v2\/posts"}],"about":[{"href":"https:\/\/sw-osterfeine.de\/index.php?rest_route=\/wp\/v2\/types\/post"}],"author":[{"embeddable":true,"href":"https:\/\/sw-osterfeine.de\/index.php?rest_route=\/wp\/v2\/users\/3"}],"replies":[{"embeddable":true,"href":"https:\/\/sw-osterfeine.de\/index.php?rest_route=%2Fwp%2Fv2%2Fcomments&post=13679"}],"version-history":[{"count":2,"href":"https:\/\/sw-osterfeine.de\/index.php?rest_route=\/wp\/v2\/posts\/13679\/revisions"}],"predecessor-version":[{"id":13707,"href":"https:\/\/sw-osterfeine.de\/index.php?rest_route=\/wp\/v2\/posts\/13679\/revisions\/13707"}],"wp:attachment":[{"href":"https:\/\/sw-osterfeine.de\/index.php?rest_route=%2Fwp%2Fv2%2Fmedia&parent=13679"}],"wp:term":[{"taxonomy":"category","embeddable":true,"href":"https:\/\/sw-osterfeine.de\/index.php?rest_route=%2Fwp%2Fv2%2Fcategories&post=13679"},{"taxonomy":"post_tag","embeddable":true,"href":"https:\/\/sw-osterfeine.de\/index.php?rest_route=%2Fwp%2Fv2%2Ftags&post=13679"}],"curies":[{"name":"wp","href":"https:\/\/api.w.org\/{rel}","templated":true}]}}