{"id":14073,"date":"2015-07-28T08:44:44","date_gmt":"2015-07-28T06:44:44","guid":{"rendered":"http:\/\/sw-osterfeine.de\/?p=14073"},"modified":"2015-07-28T11:33:58","modified_gmt":"2015-07-28T09:33:58","slug":"informationen","status":"publish","type":"post","link":"https:\/\/sw-osterfeine.de\/?p=14073","title":{"rendered":"Informationen"},"content":{"rendered":"<p><strong><span style=\"text-decoration: underline;\">Gute Besserung I<\/span><\/strong><\/p>\n<p>Gute Besserung w\u00fcnscht der Sportverein SW Osterfeine seinem Spieler der III-Herrenmannschaft, Steffen Ripke. Steffen zog sich am Dienstag auf der Sportwoche im Spiel gegen GW M\u00fchlen III eine B\u00e4nderverletzung zu.<\/p>\n<p><strong><span style=\"text-decoration: underline;\">Gute Besserung II<\/span><\/strong><\/p>\n<p>Ebenso w\u00fcschen wir Mersid Hot aus unserer I-Herrenmannschaft gute Besserung. Mersid verletzte sich auf dem Weg zum Training bei einem Verkehrsunfall.<\/p>\n<p><strong><span style=\"text-decoration: underline;\">Gl\u00fcckwunsch an 3 E-Jugendspieler: St\u00fctzpunkt geschafft<\/span><\/strong><\/p>\n<p>Mit Simon L\u00fcbbehusen, Georg gr. Kl\u00f6nne und Luca von der Heide schafften 3 Fu\u00dfballer des Jahrganges 2004 den Sprung in den DFB-St\u00fctzpunkt. Herzlichen Gl\u00fcckwunsch an die 3 Nachwuchskicker, aber ebenso Gl\u00fcckwunsch, Kompliment und Hochachtung vor der Trainingsarbeit von Trainer Frank B\u00f6ckmann, Andreas Deters und J\u00fcrgen Jacob, die diese Fu\u00dfballer ausgebildet haben. Ein toller Erfolg f\u00fcr unserer Jugendabteilung.<\/p>\n<p><span style=\"text-decoration: underline;\"><strong>Letzte Woche f\u00fcr FSJlerin Sandra Wehri<\/strong><\/span><\/p>\n<p>Die letzte Woche ihres FSJ-Jahres bei SW Osterfeine absolviert kommende Woche unsere Sandra Wehri. Wer noch Vorg\u00e4nge mit Sandra kl\u00e4ren bzw. Vorg\u00e4nge beenden m\u00f6chte, m\u00f6ge sich umgehend bei Sandra melden.<\/p>\n<p>Der Sportverein Schwarz-Wei\u00df Osterfeine m\u00f6chte sich bereits jetzt bei Sandra recht herzlich f\u00fcr die geleistete Arbeit in den letzten 12 Monaten beim OSV bedanken.<\/p>\n<p>Der Sportverein SW Osterfeine w\u00fcnscht Dir Alles Gute f\u00fcr Deine berufliche, sportliche und private Zukunft.<\/p>\n<p><!--more--><\/p>\n<p><strong><span style=\"text-decoration: underline;\">SW Osterfeine III sucht noch Fu\u00dfballer<\/span><\/strong><\/p>\n<p>Wer Lust hat in Zukunft bei SW Osterfeine III in freundvoller Form beim w\u00f6chentlichen Training &#8211; jeweils donnerstags um 19.00 Uhr in Osterfeine &#8211; mitzumachen, ist herzlich zum Training eingeladen.<\/p>\n<p><strong><span style=\"text-decoration: underline;\">Guter Test<\/span><\/strong><\/p>\n<p>Gegen einen starken Gegner Hunteburg II verlor unsere III-Herrenmannschaft am Freitag mit 3:0. Dennoch zeigte unsere Mannschaft eine gute Leistung.<\/p>\n<p><strong><span style=\"text-decoration: underline;\">Dauerkarten erh\u00e4ltlich<\/span><\/strong><\/p>\n<p>F\u00fcr unsere Zuschauer halten wir auch in diesem Jahr bei den n\u00e4chsten Heimspielen wieder unsere Jahreskarten f\u00fcr alle Fu\u00df- und Handballheimspiele unserer Sportler an der Kasse oder auf der Gesch\u00e4ftsstelle bereit.<\/p>\n<p><strong><span style=\"text-decoration: underline;\">Herzlich Willkommen<\/span><\/strong><\/p>\n<p>Ab dem 03.08.2015 absolvieren Mariska Schewe aus Goldenstedt und Marie gr. Osterhues aus Steinfeld ihr Freiwilliges Jahr beim Sportverein SW Osterfeine. Der OSV begr\u00fc\u00dft Euch recht herzlich und w\u00fcnscht Euch eine sch\u00f6ne Zeit beim OSV.<\/p>\n","protected":false},"excerpt":{"rendered":"<p>Gute Besserung I Gute Besserung w\u00fcnscht der Sportverein SW Osterfeine seinem Spieler der III-Herrenmannschaft, Steffen Ripke. Steffen zog sich am Dienstag auf der Sportwoche im Spiel gegen GW M\u00fchlen III eine B\u00e4nderverletzung zu. Gute Besserung II Ebenso w\u00fcschen wir Mersid Hot aus unserer I-Herrenmannschaft gute Besserung. Mersid verletzte sich auf dem Weg zum Training bei [&hellip;]<\/p>\n","protected":false},"author":3,"featured_media":0,"comment_status":"closed","ping_status":"closed","sticky":false,"template":"","format":"standard","meta":{"footnotes":""},"categories":[3,37],"tags":[],"_links":{"self":[{"href":"https:\/\/sw-osterfeine.de\/index.php?rest_route=\/wp\/v2\/posts\/14073"}],"collection":[{"href":"https:\/\/sw-osterfeine.de\/index.php?rest_route=\/wp\/v2\/posts"}],"about":[{"href":"https:\/\/sw-osterfeine.de\/index.php?rest_route=\/wp\/v2\/types\/post"}],"author":[{"embeddable":true,"href":"https:\/\/sw-osterfeine.de\/index.php?rest_route=\/wp\/v2\/users\/3"}],"replies":[{"embeddable":true,"href":"https:\/\/sw-osterfeine.de\/index.php?rest_route=%2Fwp%2Fv2%2Fcomments&post=14073"}],"version-history":[{"count":7,"href":"https:\/\/sw-osterfeine.de\/index.php?rest_route=\/wp\/v2\/posts\/14073\/revisions"}],"predecessor-version":[{"id":14096,"href":"https:\/\/sw-osterfeine.de\/index.php?rest_route=\/wp\/v2\/posts\/14073\/revisions\/14096"}],"wp:attachment":[{"href":"https:\/\/sw-osterfeine.de\/index.php?rest_route=%2Fwp%2Fv2%2Fmedia&parent=14073"}],"wp:term":[{"taxonomy":"category","embeddable":true,"href":"https:\/\/sw-osterfeine.de\/index.php?rest_route=%2Fwp%2Fv2%2Fcategories&post=14073"},{"taxonomy":"post_tag","embeddable":true,"href":"https:\/\/sw-osterfeine.de\/index.php?rest_route=%2Fwp%2Fv2%2Ftags&post=14073"}],"curies":[{"name":"wp","href":"https:\/\/api.w.org\/{rel}","templated":true}]}}