{"id":14091,"date":"2015-07-28T11:14:51","date_gmt":"2015-07-28T09:14:51","guid":{"rendered":"http:\/\/sw-osterfeine.de\/?p=14091"},"modified":"2015-07-28T11:14:51","modified_gmt":"2015-07-28T09:14:51","slug":"itu-world-triathlon-hamburg-2015","status":"publish","type":"post","link":"https:\/\/sw-osterfeine.de\/?p=14091","title":{"rendered":"ITU World Triathlon Hamburg 2015"},"content":{"rendered":"<p>Aufgrund der Pr\u00e4senz in der lokalen Tageszeitung kann man den Eindruck gewinnen, dass BW Lohne der einzige Verein im Kreis Vechta ist, der mit Triathleten gro\u00dfe Wettk\u00e4mpfe bestreitet. Aber neben Hintze, Stark, Penski und Co. gibt es auch Athleten, die f\u00fcr andere Vereine im Triathlon-Sport aktiv sind. Ich habe f\u00fcr den Lauftreff SW Osterfeine neben Lauf-, auch seit Jahren an Triathlon-Wettk\u00e4mpfen teilgenommen. Am 17.07.2015 bin ich bereits zum dritten Mal beim ITU World Triathlon in Hamburg gestartet.<\/p>\n<p>Dabei \u00fcberwiegt bei mir eher der Spa\u00df an der Sache als der Ehrgeiz auf die vordersten Pl\u00e4tze zu kommen. Die Erfolge sind eben auch ziemlich abh\u00e4ngig vom Zeitaufwand f\u00fcrs Training und vom Geld, das man ins Material investiert. Bei Letzterem gibt es fast keine Grenzen. So ein richtiges Triathlon Bike kann schon mal die Kosten eines Kleinwagens \u00fcbersteigen.<\/p>\n<p>F\u00fcr die Anmeldung am gr\u00f6\u00dften Triathlon der Welt musste man dieses Jahr besonders schnell sein. Nach zwei Tagen war bereits alles ausgebucht. Ich hatte das Gl\u00fcck \u00fcber eine Warteliste doch noch einen Startplatz ergattern zu k\u00f6nnen. Insgesamt wurden 10.500 Teilnehmer zum Triathlon in Hamburg erwartet.<\/p>\n<p>Ein besonderer Reiz an diesem Triathlon ist, dass nicht nur die Amateure (Age-Grouper), sondern auch die Profi-Athleten (Elite) teilnehmen. Und es ist immer wieder interessant zu sehen, in welcher Geschwindigkeit die Profis die einzelnen Disziplinen und vor allem den Wechsel hinbekommen.<\/p>\n<p>Am Morgen vor meinem Start hatte es noch kr\u00e4ftig geregnet, aber zum Gl\u00fcck beruhigte sich das Wetter und die Sonne kam raus. Bei trockenem Wetter mit etwa 20\u00b0 bis 22\u00b0 Lufttemperatur und 21,5\u00b0 Wassertemperatur herrschten ideale Bedingungen f\u00fcr den Wettkampf. Eigentlich kein Grund einen Neo anzuziehen, aber einigen Athleten war das wohl nicht warm genug oder sie f\u00fchlten sich mit Neoprenanzug sicherer. Die mussten nat\u00fcrlich den zeitlichen Nachteil beim Ausziehen des Neos in Kauf nehmen, das, wenn man nicht so ge\u00fcbt ist, auch mal etwas l\u00e4nger dauern und zum Teil auch f\u00fcr die Zuschauer am\u00fcsant sein kann. So auch bei einem Mitstreiter, der auf dem Boden sa\u00df und krampfhaft versuchte den Anzug \u00fcber den Fu\u00df zu streifen.<\/p>\n<p><!--more--><\/p>\n<p>Diesmal verging die Zeit bei der Sprint Distanz (0,5 \/ 22 \/ 5) wie im Flug.<br \/>\nNach der H\u00e4lfte der Radstrecke dachte ich: \u201ejetzt ist ja schon gleich wieder Schluss\u201c. Sicher auch ein Zeichen daf\u00fcr, wie aufregend und kurzweilig das Rennen war &#8211; oder wie schnell ich unterwegs war? :-)<\/p>\n<p>Bis auf die Schwimmzeit bin ich mit dem Ergebnis ganz zufrieden. Bei rund 160 Athleten pro Startblock ist es eben nicht einfach, immer gen\u00fcgen Freiraum zum Schwimmen in der Alster zu bekommen.<\/p>\n<p>Platz Name\/Vorname Swim Bike Run Ziel<br \/>\n1121 M\u00f6nnich Theo 00:12:13 00:42:36 00:26:51 01:31:21<\/p>\n<p>Ich w\u00fcrde mich freuen wenn sich mehr Mitglieder aus unserm Verein f\u00fcr diesen Sport begeistern w\u00fcrden und an einen der n\u00e4chsten Wettk\u00e4mpfe teilnehmen. Zum Beispiel beim Triathlon Dammer Berge. Der ist eigentlich ein Muss f\u00fcr alle Sportler aus dem Umkreis. Und so schwer ist das Ganze auch nicht. Im Grunde hat jeder schon mal alle drei Disziplinen ausge\u00fcbt. Man braucht nur ein bisschen Schwimmen, ein wenig Radfahren und etwas Laufen. Au\u00dferdem kann man sich als Staffel anmelden. Das hei\u00dft, jeder Athlet macht nur eine Disziplin. Der diesj\u00e4hrige Dammer Triathlon findet am 13. September statt. ;-)<\/p>\n\n\t\t<style type=\"text\/css\">\n\t\t\t#gallery-1 {\n\t\t\t\tmargin: auto;\n\t\t\t}\n\t\t\t#gallery-1 .gallery-item {\n\t\t\t\tfloat: left;\n\t\t\t\tmargin-top: 10px;\n\t\t\t\ttext-align: center;\n\t\t\t\twidth: 33%;\n\t\t\t}\n\t\t\t#gallery-1 img {\n\t\t\t\tborder: 2px solid #cfcfcf;\n\t\t\t}\n\t\t\t#gallery-1 .gallery-caption {\n\t\t\t\tmargin-left: 0;\n\t\t\t}\n\t\t\t\/* see gallery_shortcode() in wp-includes\/media.php *\/\n\t\t<\/style>\n\t\t<div id='gallery-1' class='gallery galleryid-14091 gallery-columns-3 gallery-size-thumbnail'><dl class='gallery-item'>\n\t\t\t<dt class='gallery-icon landscape'>\n\t\t\t\t<a href='https:\/\/sw-osterfeine.de\/wp-content\/uploads\/2015\/07\/Bild3-1.jpg' title=\"\" data-rl_title=\"\" class=\"rl-gallery-link\" data-rl_caption=\"\" data-rel=\"lightbox-gallery-1\"><img loading=\"lazy\" decoding=\"async\" width=\"150\" height=\"150\" src=\"https:\/\/sw-osterfeine.de\/wp-content\/uploads\/2015\/07\/Bild3-1-150x150.jpg\" class=\"attachment-thumbnail size-thumbnail\" alt=\"\" \/><\/a>\n\t\t\t<\/dt><\/dl><dl class='gallery-item'>\n\t\t\t<dt class='gallery-icon landscape'>\n\t\t\t\t<a href='https:\/\/sw-osterfeine.de\/wp-content\/uploads\/2015\/07\/Bild2.jpg' title=\"\" data-rl_title=\"\" class=\"rl-gallery-link\" data-rl_caption=\"\" data-rel=\"lightbox-gallery-1\"><img loading=\"lazy\" decoding=\"async\" width=\"150\" height=\"150\" src=\"https:\/\/sw-osterfeine.de\/wp-content\/uploads\/2015\/07\/Bild2-150x150.jpg\" class=\"attachment-thumbnail size-thumbnail\" alt=\"\" \/><\/a>\n\t\t\t<\/dt><\/dl><dl class='gallery-item'>\n\t\t\t<dt class='gallery-icon landscape'>\n\t\t\t\t<a href='https:\/\/sw-osterfeine.de\/wp-content\/uploads\/2015\/07\/Bild1.jpg' title=\"\" data-rl_title=\"\" class=\"rl-gallery-link\" data-rl_caption=\"\" data-rel=\"lightbox-gallery-1\"><img loading=\"lazy\" decoding=\"async\" width=\"150\" height=\"150\" src=\"https:\/\/sw-osterfeine.de\/wp-content\/uploads\/2015\/07\/Bild1-150x150.jpg\" class=\"attachment-thumbnail size-thumbnail\" alt=\"\" \/><\/a>\n\t\t\t<\/dt><\/dl><br style=\"clear: both\" \/>\n\t\t<\/div>\n\n<p>Wir sehen uns dann.<\/p>\n<p>Theo M\u00f6nnich<\/p>\n","protected":false},"excerpt":{"rendered":"<p>Aufgrund der Pr\u00e4senz in der lokalen Tageszeitung kann man den Eindruck gewinnen, dass BW Lohne der einzige Verein im Kreis Vechta ist, der mit Triathleten gro\u00dfe Wettk\u00e4mpfe bestreitet. Aber neben Hintze, Stark, Penski und Co. gibt es auch Athleten, die f\u00fcr andere Vereine im Triathlon-Sport aktiv sind. Ich habe f\u00fcr den Lauftreff SW Osterfeine neben [&hellip;]<\/p>\n","protected":false},"author":3,"featured_media":0,"comment_status":"closed","ping_status":"closed","sticky":false,"template":"","format":"standard","meta":{"footnotes":""},"categories":[38],"tags":[],"_links":{"self":[{"href":"https:\/\/sw-osterfeine.de\/index.php?rest_route=\/wp\/v2\/posts\/14091"}],"collection":[{"href":"https:\/\/sw-osterfeine.de\/index.php?rest_route=\/wp\/v2\/posts"}],"about":[{"href":"https:\/\/sw-osterfeine.de\/index.php?rest_route=\/wp\/v2\/types\/post"}],"author":[{"embeddable":true,"href":"https:\/\/sw-osterfeine.de\/index.php?rest_route=\/wp\/v2\/users\/3"}],"replies":[{"embeddable":true,"href":"https:\/\/sw-osterfeine.de\/index.php?rest_route=%2Fwp%2Fv2%2Fcomments&post=14091"}],"version-history":[{"count":1,"href":"https:\/\/sw-osterfeine.de\/index.php?rest_route=\/wp\/v2\/posts\/14091\/revisions"}],"predecessor-version":[{"id":14095,"href":"https:\/\/sw-osterfeine.de\/index.php?rest_route=\/wp\/v2\/posts\/14091\/revisions\/14095"}],"wp:attachment":[{"href":"https:\/\/sw-osterfeine.de\/index.php?rest_route=%2Fwp%2Fv2%2Fmedia&parent=14091"}],"wp:term":[{"taxonomy":"category","embeddable":true,"href":"https:\/\/sw-osterfeine.de\/index.php?rest_route=%2Fwp%2Fv2%2Fcategories&post=14091"},{"taxonomy":"post_tag","embeddable":true,"href":"https:\/\/sw-osterfeine.de\/index.php?rest_route=%2Fwp%2Fv2%2Ftags&post=14091"}],"curies":[{"name":"wp","href":"https:\/\/api.w.org\/{rel}","templated":true}]}}