{"id":15123,"date":"2015-11-06T20:10:51","date_gmt":"2015-11-06T19:10:51","guid":{"rendered":"http:\/\/sw-osterfeine.de\/?p=15123"},"modified":"2015-11-06T20:10:51","modified_gmt":"2015-11-06T19:10:51","slug":"reinigungskraft-gesucht-4","status":"publish","type":"post","link":"https:\/\/sw-osterfeine.de\/?p=15123","title":{"rendered":"Reinigungskraft gesucht"},"content":{"rendered":"<p>Der Sportverein Schwarz-Wei\u00df Osterfeine sucht f\u00fcr die Reinigung der Sporthalle und der Umkleidekabinen in Osterfeine eine Reinigungskraft f\u00fcr die Wochenenden:<\/p>\n<p><strong> Samstag und Sonntag \u2013alle 2 Wochen<\/strong><\/p>\n<p>Bei Interesse bitte melden bei: Bernard Piening Tel. 05491\/4406.<\/p>\n<p>&nbsp;<\/p>\n","protected":false},"excerpt":{"rendered":"<p>Der Sportverein Schwarz-Wei\u00df Osterfeine sucht f\u00fcr die Reinigung der Sporthalle und der Umkleidekabinen in Osterfeine eine Reinigungskraft f\u00fcr die Wochenenden: Samstag und Sonntag \u2013alle 2 Wochen Bei Interesse bitte melden bei: Bernard Piening Tel. 05491\/4406. &nbsp;<\/p>\n","protected":false},"author":3,"featured_media":0,"comment_status":"closed","ping_status":"closed","sticky":false,"template":"","format":"standard","meta":{"footnotes":""},"categories":[37],"tags":[],"_links":{"self":[{"href":"https:\/\/sw-osterfeine.de\/index.php?rest_route=\/wp\/v2\/posts\/15123"}],"collection":[{"href":"https:\/\/sw-osterfeine.de\/index.php?rest_route=\/wp\/v2\/posts"}],"about":[{"href":"https:\/\/sw-osterfeine.de\/index.php?rest_route=\/wp\/v2\/types\/post"}],"author":[{"embeddable":true,"href":"https:\/\/sw-osterfeine.de\/index.php?rest_route=\/wp\/v2\/users\/3"}],"replies":[{"embeddable":true,"href":"https:\/\/sw-osterfeine.de\/index.php?rest_route=%2Fwp%2Fv2%2Fcomments&post=15123"}],"version-history":[{"count":4,"href":"https:\/\/sw-osterfeine.de\/index.php?rest_route=\/wp\/v2\/posts\/15123\/revisions"}],"predecessor-version":[{"id":15127,"href":"https:\/\/sw-osterfeine.de\/index.php?rest_route=\/wp\/v2\/posts\/15123\/revisions\/15127"}],"wp:attachment":[{"href":"https:\/\/sw-osterfeine.de\/index.php?rest_route=%2Fwp%2Fv2%2Fmedia&parent=15123"}],"wp:term":[{"taxonomy":"category","embeddable":true,"href":"https:\/\/sw-osterfeine.de\/index.php?rest_route=%2Fwp%2Fv2%2Fcategories&post=15123"},{"taxonomy":"post_tag","embeddable":true,"href":"https:\/\/sw-osterfeine.de\/index.php?rest_route=%2Fwp%2Fv2%2Ftags&post=15123"}],"curies":[{"name":"wp","href":"https:\/\/api.w.org\/{rel}","templated":true}]}}