{"id":15279,"date":"2015-11-23T20:10:16","date_gmt":"2015-11-23T19:10:16","guid":{"rendered":"http:\/\/sw-osterfeine.de\/?p=15279"},"modified":"2015-11-23T20:10:16","modified_gmt":"2015-11-23T19:10:16","slug":"fussball-herren-swo-ii-fc-varenesch","status":"publish","type":"post","link":"https:\/\/sw-osterfeine.de\/?p=15279","title":{"rendered":"Fu\u00dfball Herren SWO II &#8211; FC Varenesch"},"content":{"rendered":"<p><strong>Dem flei\u00dfigen Hamster schadet der Winter nicht.<\/strong><\/p>\n<p>Am Freitag, den 06.11.2015, empfingen wir im Spitzenspiel der 1. Kreisklasse den FC Varenesch. Die Bedingungen konnten besser nicht sein: Der Erste gegen den Zweiten, Flutlicht, leichter Nieselregen sowie Bratwurst und Bier sorgten f\u00fcr optimale Voraussetzungen. Es hatten sich an diesem Spieltag einige Zuschauer ins Osterfeiner Stadion verirrt und somit dem Spiel das n\u00f6tige Leben eingehaucht. Varenesch stellten bis dato den besten Angriff, offenbarten Hinten aber auch ab und an Schw\u00e4chen. Diese galt es mit unserer pfeilschnellen Spitze Patrick Niehues und unserem feinf\u00fc\u00dfigen Halbitaliener Guiliano Pagano auszunutzen. Anders als in fast allen anderen Spielen der laufenden Saison fanden wir gut ins Spiel. Varenesch agierte etwas defensiver ausgerichtet, spielte mit nur einem Angreifer und lauerte (insbesondere auf den schnellen Au\u00dfen) auf Konter. Das Spiel in der ersten Halbzeit war relativ ausgeglichen, wenn gleich mit etwas gr\u00f6\u00dferem Spielanteil bei den G\u00e4sten. So hatten diese auch die beste M\u00f6glichkeit der ersten Halbzeit, als ein Varenescher vor unserem Tor frei zum Kopfball kam, Steffen Breitenstein diese Chance aber gl\u00e4nzend vereitelte. Auch wir konnten mit zumindest 2-3 Spielz\u00fcgen unser K\u00f6nnen unter Beweis stellen. Der entscheidende letzte Pass landete aber zu oft beim Gegner. Kurz vor dem Halbzeitpfiff kam es zu der ersten Auswechselung auf unserer Seite. Der bis dato stark aufspielende Alexander bei der Hake trennte mit der Pr\u00e4zision eines Gef\u00e4\u00dfchirurgen den Ball vom Gegner &#8211; musste daraufhin allerdings verletzt den Platz verlassen. Zudem bestand aufgrund der direkten Flutlichteinwirkung akute Sonnenbrandgefahr. Christoph Breitenstein (Breiti Nr. 4) nahm daraufhin seinen Innenverteidigerposten ein.<!--more--><\/p>\n<p>Mit einem verdienten 0:0 ging es in die Kabine. Die Marschrute wurde hier von unserem Trainer \u201eSeppl\u201c Ripke noch einmal klar formuliert: Hinten keine B\u00e4lle verlieren, vorne etwas zielstrebiger und klarer zum Abschluss kommen. Zudem auf dem nassen Gel\u00e4uf vielleicht den ein oder anderen gef\u00e4hrlichen Freisto\u00df erzwingen.<\/p>\n<p>Da wir stets den Worten unseres Trainers folge leisten, wurde dies direkt nach Wiederanpfiff auch eins-zu-eins umgesetzt. Wir schafften es, mehr Druck auszu\u00fcben und gef\u00e4hrlicher vorm gegnerischen Tor aufzutauchen. In der 53 Minute gelang es dann Patrick Niehues den F\u00fchrungstreffer zu markieren. Steil angespielt, netzte er kaltschn\u00e4uzig zum 1:0 ein. Danach war die Partie ausgeglichen, ohne dass eine Mannschaft nennenswerte Strafraumszenen kreieren konnte. Bis zur 87. Minute w\u00e4hnten wir uns auf der Siegerstra\u00dfe, als der Schiedsrichter wie aus dem \u201eNichts\u201c in einer Zweifelhaften Strafraumaktion auf unseren Punkt zeigte. Es kam, wie es kommen musste. Unser bis dahin sehr starker R\u00fcckhalt, Steffen Breitenstein war bei dem pr\u00e4zise ausgef\u00fchrten Elfmeter chancenlos. Nur zwei Minuten sp\u00e4ter konnte Varenesch einen weiteren Konter erfolgreich ausspielen und gewann mit 2:1.<\/p>\n<p>F\u00fcr die restlichen Spiele dieses Jahres gilt es nun, konzentriert weiter zu machen und unseren bisherig tollen Saisonverlauf nicht unn\u00f6tig zu verspielen.<\/p>\n<p>Zum Jahresabschluss m\u00fcssen wir leider auf den Fl\u00f6tenspieler in unserem Weihnachtskonzert verzichten. Jan-Bernd St\u00e4rk, die St\u00fctze unseres Offensivspiels, f\u00e4llt noch bis zum Ende des Jahres verletzungsbedingt aus.<\/p>\n<p>&nbsp;<\/p>\n<p>Mit sportlichem Gru\u00df,<br \/>\n eure 1. Reserve<\/p>\n","protected":false},"excerpt":{"rendered":"<p>Dem flei\u00dfigen Hamster schadet der Winter nicht. Am Freitag, den 06.11.2015, empfingen wir im Spitzenspiel der 1. Kreisklasse den FC Varenesch. Die Bedingungen konnten besser nicht sein: Der Erste gegen den Zweiten, Flutlicht, leichter Nieselregen sowie Bratwurst und Bier sorgten f\u00fcr optimale Voraussetzungen. Es hatten sich an diesem Spieltag einige Zuschauer ins Osterfeiner Stadion verirrt [&hellip;]<\/p>\n","protected":false},"author":3,"featured_media":0,"comment_status":"closed","ping_status":"closed","sticky":false,"template":"","format":"standard","meta":{"footnotes":""},"categories":[3],"tags":[],"_links":{"self":[{"href":"https:\/\/sw-osterfeine.de\/index.php?rest_route=\/wp\/v2\/posts\/15279"}],"collection":[{"href":"https:\/\/sw-osterfeine.de\/index.php?rest_route=\/wp\/v2\/posts"}],"about":[{"href":"https:\/\/sw-osterfeine.de\/index.php?rest_route=\/wp\/v2\/types\/post"}],"author":[{"embeddable":true,"href":"https:\/\/sw-osterfeine.de\/index.php?rest_route=\/wp\/v2\/users\/3"}],"replies":[{"embeddable":true,"href":"https:\/\/sw-osterfeine.de\/index.php?rest_route=%2Fwp%2Fv2%2Fcomments&post=15279"}],"version-history":[{"count":1,"href":"https:\/\/sw-osterfeine.de\/index.php?rest_route=\/wp\/v2\/posts\/15279\/revisions"}],"predecessor-version":[{"id":15280,"href":"https:\/\/sw-osterfeine.de\/index.php?rest_route=\/wp\/v2\/posts\/15279\/revisions\/15280"}],"wp:attachment":[{"href":"https:\/\/sw-osterfeine.de\/index.php?rest_route=%2Fwp%2Fv2%2Fmedia&parent=15279"}],"wp:term":[{"taxonomy":"category","embeddable":true,"href":"https:\/\/sw-osterfeine.de\/index.php?rest_route=%2Fwp%2Fv2%2Fcategories&post=15279"},{"taxonomy":"post_tag","embeddable":true,"href":"https:\/\/sw-osterfeine.de\/index.php?rest_route=%2Fwp%2Fv2%2Ftags&post=15279"}],"curies":[{"name":"wp","href":"https:\/\/api.w.org\/{rel}","templated":true}]}}