{"id":15285,"date":"2015-11-23T20:17:29","date_gmt":"2015-11-23T19:17:29","guid":{"rendered":"http:\/\/sw-osterfeine.de\/?p=15285"},"modified":"2015-11-23T20:17:29","modified_gmt":"2015-11-23T19:17:29","slug":"thorsten-duennemann-erlangt-trainer-b-lizenz","status":"publish","type":"post","link":"https:\/\/sw-osterfeine.de\/?p=15285","title":{"rendered":"Thorsten D\u00fcnnemann erlangt Trainer B-Lizenz"},"content":{"rendered":"<p><strong>Unser Co-Trainer der I-Herrenmannschaft Thorsten D\u00fcnnemann absolvierte am Wochenende erfolgreich die B-Lizenz beim Fu\u00dfballlandesverband in Bremen.<\/strong><\/p>\n<p><strong>Thorsten, herzlichen Gl\u00fcckwunsch vom OSV und weiterhin viel Spa\u00df und Erfolg in Deiner weiteren Trainerlaufbahn.<\/strong><\/p>\n","protected":false},"excerpt":{"rendered":"<p>Unser Co-Trainer der I-Herrenmannschaft Thorsten D\u00fcnnemann absolvierte am Wochenende erfolgreich die B-Lizenz beim Fu\u00dfballlandesverband in Bremen. Thorsten, herzlichen Gl\u00fcckwunsch vom OSV und weiterhin viel Spa\u00df und Erfolg in Deiner weiteren Trainerlaufbahn.<\/p>\n","protected":false},"author":3,"featured_media":0,"comment_status":"closed","ping_status":"closed","sticky":false,"template":"","format":"standard","meta":{"footnotes":""},"categories":[3],"tags":[],"_links":{"self":[{"href":"https:\/\/sw-osterfeine.de\/index.php?rest_route=\/wp\/v2\/posts\/15285"}],"collection":[{"href":"https:\/\/sw-osterfeine.de\/index.php?rest_route=\/wp\/v2\/posts"}],"about":[{"href":"https:\/\/sw-osterfeine.de\/index.php?rest_route=\/wp\/v2\/types\/post"}],"author":[{"embeddable":true,"href":"https:\/\/sw-osterfeine.de\/index.php?rest_route=\/wp\/v2\/users\/3"}],"replies":[{"embeddable":true,"href":"https:\/\/sw-osterfeine.de\/index.php?rest_route=%2Fwp%2Fv2%2Fcomments&post=15285"}],"version-history":[{"count":1,"href":"https:\/\/sw-osterfeine.de\/index.php?rest_route=\/wp\/v2\/posts\/15285\/revisions"}],"predecessor-version":[{"id":15286,"href":"https:\/\/sw-osterfeine.de\/index.php?rest_route=\/wp\/v2\/posts\/15285\/revisions\/15286"}],"wp:attachment":[{"href":"https:\/\/sw-osterfeine.de\/index.php?rest_route=%2Fwp%2Fv2%2Fmedia&parent=15285"}],"wp:term":[{"taxonomy":"category","embeddable":true,"href":"https:\/\/sw-osterfeine.de\/index.php?rest_route=%2Fwp%2Fv2%2Fcategories&post=15285"},{"taxonomy":"post_tag","embeddable":true,"href":"https:\/\/sw-osterfeine.de\/index.php?rest_route=%2Fwp%2Fv2%2Ftags&post=15285"}],"curies":[{"name":"wp","href":"https:\/\/api.w.org\/{rel}","templated":true}]}}