{"id":15295,"date":"2015-11-26T11:31:55","date_gmt":"2015-11-26T10:31:55","guid":{"rendered":"http:\/\/sw-osterfeine.de\/?p=15295"},"modified":"2015-11-27T14:15:15","modified_gmt":"2015-11-27T13:15:15","slug":"1-damen-unterstuetzen-fluechtlingshilfe-damme","status":"publish","type":"post","link":"https:\/\/sw-osterfeine.de\/?p=15295","title":{"rendered":"1.Damen unterst\u00fctzen Fl\u00fcchtlingshilfe Damme"},"content":{"rendered":"<p>Zu einem kurzweiligen Besuch kam es am Dienstag in Osterfeine. Die Damenmannschaft der Abteilung hatte, in Verbindung mit dem Malteser Verband, die Fl\u00fcchtlinge aus Damme zu einem Sportnachmittag eingeladen. \u201eAls wir von dieser Idee informiert wurden, haben wir sofort die volle Unterst\u00fctzung des Vereins zugesagt\u201c so Clubchef Bernhard Piening \u00fcber das spontane Engagement der Damenmannschaft. Die Idee lockte insgesamt 88 Fl\u00fcchtlinge jeder Altersstufe an. Mit einem so gro\u00dfen Zuspruch rechnete man auf Osterfeine Seite nicht und war sichtlich \u00fcberrascht. \u201eWir haben sofort einige Hallenstunden zur Verf\u00fcgung gestellt damit wir allen gerecht werden konnten und niemanden wieder wegschicken mussten\u201c organisierte Abteilungsleiterin Kerstin L\u00fcbbehusen kurzerhand die ben\u00f6tigte Zeit.<\/p>\n<p>Nachmittags hatte das Team von Trainer Michael Niepert einen liebevollen Spiele Parcours aufgebaut. H\u00f6hepunkt f\u00fcr die vielen jungen G\u00e4ste war die H\u00fcpfburg der Volksbanken Vechta. Die G\u00e4ste die durch den kompletten Fahr Service, der 1.Damen und der Malteser in Damme abgeholt wurden, empfing man mit Leuchte B\u00e4nder und so manches Kinderherz schlug schon jetzt h\u00f6her. Die einzelnen Stationen und das bunte Treiben wurden zus\u00e4tzlich von der 2.B-Jugend betreut, die ebenfalls die Aktion toll unterst\u00fctzten.<!--more--><\/p>\n<p>Eine weitere Attraktion hatten die Schwarz-Wei\u00dfen mit dem vereinseigenen Akrobat David Ebel parat. Er wies die begeisterten G\u00e4ste in die Kunst des Break Dance ein und sorgte mit seinen verschiedenen \u00dcbungen, den Wunsch nach mehr. F\u00fcr den Abend hatte man dann ein Turnier organisiert um auch den \u00c4lteren G\u00e4sten sportliche Ert\u00fcchtigung zu erm\u00f6glichen. Hier sah man einige gl\u00e4nzende Einlagen der spielfreudigen Fl\u00fcchtlinge, die dann am sp\u00e4ten Abend nach einem kleinen Imbiss und dem R\u00fcckfahrt Service verabschiedet wurden.<\/p>\n<p>\u201eUnsere spontane Idee sollte ein wenig Abwechslung und Spa\u00df in den Alltag der Unterbringung bringen. Wir denken das ist uns gelungen\u201c, so Trainer Michael Niepert der sich im Namen der Mannschaft und des Vereins auch bei den vielen Unterst\u00fctzern bedankt.<\/p>\n\n\t\t<style type=\"text\/css\">\n\t\t\t#gallery-1 {\n\t\t\t\tmargin: auto;\n\t\t\t}\n\t\t\t#gallery-1 .gallery-item {\n\t\t\t\tfloat: left;\n\t\t\t\tmargin-top: 10px;\n\t\t\t\ttext-align: center;\n\t\t\t\twidth: 33%;\n\t\t\t}\n\t\t\t#gallery-1 img {\n\t\t\t\tborder: 2px solid #cfcfcf;\n\t\t\t}\n\t\t\t#gallery-1 .gallery-caption {\n\t\t\t\tmargin-left: 0;\n\t\t\t}\n\t\t\t\/* see gallery_shortcode() in wp-includes\/media.php *\/\n\t\t<\/style>\n\t\t<div id='gallery-1' class='gallery galleryid-15295 gallery-columns-3 gallery-size-thumbnail'><dl class='gallery-item'>\n\t\t\t<dt class='gallery-icon landscape'>\n\t\t\t\t<a href='https:\/\/sw-osterfeine.de\/wp-content\/uploads\/2015\/11\/Bild-1.jpg' title=\"\" data-rl_title=\"\" class=\"rl-gallery-link\" data-rl_caption=\"\" data-rel=\"lightbox-gallery-1\"><img loading=\"lazy\" decoding=\"async\" width=\"150\" height=\"150\" src=\"https:\/\/sw-osterfeine.de\/wp-content\/uploads\/2015\/11\/Bild-1-150x150.jpg\" class=\"attachment-thumbnail size-thumbnail\" alt=\"\" \/><\/a>\n\t\t\t<\/dt><\/dl><dl class='gallery-item'>\n\t\t\t<dt class='gallery-icon landscape'>\n\t\t\t\t<a href='https:\/\/sw-osterfeine.de\/wp-content\/uploads\/2015\/11\/Bild-2.jpg' title=\"\" data-rl_title=\"\" class=\"rl-gallery-link\" data-rl_caption=\"\" data-rel=\"lightbox-gallery-1\"><img loading=\"lazy\" decoding=\"async\" width=\"150\" height=\"150\" src=\"https:\/\/sw-osterfeine.de\/wp-content\/uploads\/2015\/11\/Bild-2-150x150.jpg\" class=\"attachment-thumbnail size-thumbnail\" alt=\"\" \/><\/a>\n\t\t\t<\/dt><\/dl><dl class='gallery-item'>\n\t\t\t<dt class='gallery-icon landscape'>\n\t\t\t\t<a href='https:\/\/sw-osterfeine.de\/wp-content\/uploads\/2015\/11\/Bild-4.jpg' title=\"\" data-rl_title=\"\" class=\"rl-gallery-link\" data-rl_caption=\"\" data-rel=\"lightbox-gallery-1\"><img loading=\"lazy\" decoding=\"async\" width=\"150\" height=\"150\" src=\"https:\/\/sw-osterfeine.de\/wp-content\/uploads\/2015\/11\/Bild-4-150x150.jpg\" class=\"attachment-thumbnail size-thumbnail\" alt=\"\" \/><\/a>\n\t\t\t<\/dt><\/dl><br style=\"clear: both\" \/>\n\t\t<\/div>\n\n","protected":false},"excerpt":{"rendered":"<p>Zu einem kurzweiligen Besuch kam es am Dienstag in Osterfeine. Die Damenmannschaft der Abteilung hatte, in Verbindung mit dem Malteser Verband, die Fl\u00fcchtlinge aus Damme zu einem Sportnachmittag eingeladen. \u201eAls wir von dieser Idee informiert wurden, haben wir sofort die volle Unterst\u00fctzung des Vereins zugesagt\u201c so Clubchef Bernhard Piening \u00fcber das spontane Engagement der Damenmannschaft. [&hellip;]<\/p>\n","protected":false},"author":3,"featured_media":0,"comment_status":"closed","ping_status":"closed","sticky":false,"template":"","format":"standard","meta":{"footnotes":""},"categories":[37],"tags":[],"_links":{"self":[{"href":"https:\/\/sw-osterfeine.de\/index.php?rest_route=\/wp\/v2\/posts\/15295"}],"collection":[{"href":"https:\/\/sw-osterfeine.de\/index.php?rest_route=\/wp\/v2\/posts"}],"about":[{"href":"https:\/\/sw-osterfeine.de\/index.php?rest_route=\/wp\/v2\/types\/post"}],"author":[{"embeddable":true,"href":"https:\/\/sw-osterfeine.de\/index.php?rest_route=\/wp\/v2\/users\/3"}],"replies":[{"embeddable":true,"href":"https:\/\/sw-osterfeine.de\/index.php?rest_route=%2Fwp%2Fv2%2Fcomments&post=15295"}],"version-history":[{"count":4,"href":"https:\/\/sw-osterfeine.de\/index.php?rest_route=\/wp\/v2\/posts\/15295\/revisions"}],"predecessor-version":[{"id":15321,"href":"https:\/\/sw-osterfeine.de\/index.php?rest_route=\/wp\/v2\/posts\/15295\/revisions\/15321"}],"wp:attachment":[{"href":"https:\/\/sw-osterfeine.de\/index.php?rest_route=%2Fwp%2Fv2%2Fmedia&parent=15295"}],"wp:term":[{"taxonomy":"category","embeddable":true,"href":"https:\/\/sw-osterfeine.de\/index.php?rest_route=%2Fwp%2Fv2%2Fcategories&post=15295"},{"taxonomy":"post_tag","embeddable":true,"href":"https:\/\/sw-osterfeine.de\/index.php?rest_route=%2Fwp%2Fv2%2Ftags&post=15295"}],"curies":[{"name":"wp","href":"https:\/\/api.w.org\/{rel}","templated":true}]}}