{"id":15311,"date":"2015-11-26T11:45:59","date_gmt":"2015-11-26T10:45:59","guid":{"rendered":"http:\/\/sw-osterfeine.de\/?p=15311"},"modified":"2015-11-26T11:45:59","modified_gmt":"2015-11-26T10:45:59","slug":"liebe-leser-von-schwarz-weiss-aktuell-7","status":"publish","type":"post","link":"https:\/\/sw-osterfeine.de\/?p=15311","title":{"rendered":"Liebe Leser von Schwarz-Wei\u00df Aktuell"},"content":{"rendered":"<p>Der Sportverein SW Osterfeine hei\u00dft alle G\u00e4ste zum Bezirksligaderby Schwarz-Wei\u00df Osterfeine gegen den SV Holdorf recht herzlich willkommen. Die schlechten Platzverh\u00e4ltnisse haben in den letzten Wochen den Spiel- und Trainingsbetrieb der hiesigen Fu\u00dfballer stark beeinflusst. Dies gilt auch f\u00fcr die heute aktiven Mannschaften von Osterfeine und Holdorf. Geordnetes Training war nur bedingt m\u00f6glich und die Punktspiele am vergangenen Wochenende wurde abgesagt. So gilt es in der heutigen Begegnung auch um die Frage, wer schnell wieder seinen Rhythmus findet. Bereits beendet haben durch die Spielausf\u00e4lle unsere II-Herrenmannschaft und unsere A-Jugend ihre Herbstserie und k\u00f6nnen sich schon in die Winterpause begeben. Nur unsere III-Herrenmannschaft spielt als Vorspiel zum Bezirksligaderby um 12.15 in Osterfeine gegen unsere G\u00e4ste von BW Lohne IV. Beide Spiele kommen jedoch nur zur Austragung, wenn die Wetterverh\u00e4ltnisse in den n\u00e4chsten Tagen fu\u00dfballf\u00f6rdernd sind. Auch wenn die Rasenfu\u00dfballer fast schon durch sind, ist der Sport im Winter nicht gerade im Winterschlaf. Im Gegenteil, der Hallensport hat in allen Sportarten Hochbetrieb.<\/p>\n<p>Bereits in diesen Wochen m\u00fcssen ebenso die Pl\u00e4ne f\u00fcr 2016 in Angriff genommen werden. Wer stellt sich f\u00fcr die Vereinsarbeit zur Verf\u00fcgung und \u00fcbernimmt Verantwortung im Vorstand, in der Abteilungsf\u00fchrung oder in der Trainer-und Betreuerarbeit? \u00dcber freiwillige Meldungen w\u00fcrden sich nicht nur die Verantwortlichen freuen, sondern besonders unsere Kinder und jungen Sportler. <\/p>\n<p>Viel Spa\u00df beim Lesen.<\/p>\n","protected":false},"excerpt":{"rendered":"<p>Der Sportverein SW Osterfeine hei\u00dft alle G\u00e4ste zum Bezirksligaderby Schwarz-Wei\u00df Osterfeine gegen den SV Holdorf recht herzlich willkommen. Die schlechten Platzverh\u00e4ltnisse haben in den letzten Wochen den Spiel- und Trainingsbetrieb der hiesigen Fu\u00dfballer stark beeinflusst. Dies gilt auch f\u00fcr die heute aktiven Mannschaften von Osterfeine und Holdorf. Geordnetes Training war nur bedingt m\u00f6glich und die [&hellip;]<\/p>\n","protected":false},"author":3,"featured_media":0,"comment_status":"closed","ping_status":"closed","sticky":false,"template":"","format":"standard","meta":{"footnotes":""},"categories":[3],"tags":[],"_links":{"self":[{"href":"https:\/\/sw-osterfeine.de\/index.php?rest_route=\/wp\/v2\/posts\/15311"}],"collection":[{"href":"https:\/\/sw-osterfeine.de\/index.php?rest_route=\/wp\/v2\/posts"}],"about":[{"href":"https:\/\/sw-osterfeine.de\/index.php?rest_route=\/wp\/v2\/types\/post"}],"author":[{"embeddable":true,"href":"https:\/\/sw-osterfeine.de\/index.php?rest_route=\/wp\/v2\/users\/3"}],"replies":[{"embeddable":true,"href":"https:\/\/sw-osterfeine.de\/index.php?rest_route=%2Fwp%2Fv2%2Fcomments&post=15311"}],"version-history":[{"count":2,"href":"https:\/\/sw-osterfeine.de\/index.php?rest_route=\/wp\/v2\/posts\/15311\/revisions"}],"predecessor-version":[{"id":15313,"href":"https:\/\/sw-osterfeine.de\/index.php?rest_route=\/wp\/v2\/posts\/15311\/revisions\/15313"}],"wp:attachment":[{"href":"https:\/\/sw-osterfeine.de\/index.php?rest_route=%2Fwp%2Fv2%2Fmedia&parent=15311"}],"wp:term":[{"taxonomy":"category","embeddable":true,"href":"https:\/\/sw-osterfeine.de\/index.php?rest_route=%2Fwp%2Fv2%2Fcategories&post=15311"},{"taxonomy":"post_tag","embeddable":true,"href":"https:\/\/sw-osterfeine.de\/index.php?rest_route=%2Fwp%2Fv2%2Ftags&post=15311"}],"curies":[{"name":"wp","href":"https:\/\/api.w.org\/{rel}","templated":true}]}}