{"id":15322,"date":"2015-11-27T14:50:07","date_gmt":"2015-11-27T13:50:07","guid":{"rendered":"http:\/\/sw-osterfeine.de\/?p=15322"},"modified":"2015-11-27T14:50:07","modified_gmt":"2015-11-27T13:50:07","slug":"ii-und-iii-damen","status":"publish","type":"post","link":"https:\/\/sw-osterfeine.de\/?p=15322","title":{"rendered":"II. und III. Damen"},"content":{"rendered":"<div>Handball &#8211; Regionsliga Damen<\/div>\n<div>\u00a0<\/div>\n<div>Im Kr\u00e4ftemessen der &#8220; Dritten &#8211; Mannschaften &#8220; verlor SW Osterfeine III das Heimspiel gegen SV Holdorf III\u00a0 14 &#8211; 20\u00a0\u00a0 und eine Woche sp\u00e4ter gab es beim Regionsoberligaabsteiger GW M\u00fchlen III\u00a0 eine\u00a0 27-13\u00a0 ( 11-3 ) -Niederlage . Unser gr\u00f6\u00dftes Manko ist der ausbauf\u00e4hige Offensivdrang , gegen\u00a0 den Tabellendritten M\u00fchlen erlaubten wir uns 36\u00a0 Fehlw\u00fcrfe( ! ) und die Tore warfen\u00a0 Sharina Riesenbeck ( 4 ), Annalena Meyer ( 2 ) , Annemarie Kleemann (\u00a0 2 ) , Lara Macke ( 2 ) , Marita Bergmann , Anne Gronemeyer und Laura Grote . Trotz einer Durststrecke von sechs Niederlagen gibt es f\u00fcr uns keinen Grund &#8220;\u00a0 den Kopf in einen Blumentopf &#8220;\u00a0 zu stecken . Jetzt wollen wir das n\u00e4chste Spiel in\u00a0 Osterfeine (28.11.15\u00a0 ,\u00a0 14.3O Uhr ) gegen TSV Wetschen II ( Platz 8 ) mit unseren Zuschauern gewinnen .<\/div>\n<div>\u00a0<\/div>\n<div>\n<div>Handball Regionsoberliga\u00a0 Damen<\/div>\n<div>\u00a0<\/div>\n<div>Nach drei Siegen in Folge gab es nun zwei Niederlagen\u00a0 nacheinander f\u00fcr unsere\u00a0 &#8220; Reserve &#8220;\u00a0 .\u00a0 Der\u00a0 ehemalige Weser &#8211; Ems- Ligist\u00a0 Frisia Goldenstedt II\u00a0 ( 2012 ) gewann nach einem 9 -11 Pausenr\u00fcckstand noch mit 22 &#8211; 12 gegen Osterfeine II .\u00a0 &#8220;\u00a0 Wir haben in den letzten 25 Minuten nur ein Tor geworfen gegen die eingespielte, kampfstarke Gastgebermannschaftund seit zehn Jahren\u00a0 ( ! )\u00a0 nicht mehr in Goldenstedt\u00a0 gewonnen. Im Ausw\u00e4rtspiel beim\u00a0 \u00a0 \u00a0 \u00a0 \u00a0 \u00a0 \u00a0 SV Cappeln II\u00a0 ( diese Truppe spielte vor drei Jahren noch in der Oberliga f\u00fcr H\u00f6ltinghausen ! )\u00a0 gabs nichts zu holen und das Knochenwefel &#8211; Team ging als Verlierer\u00a0 vom Parkett\u00a0 ( 29 -17 ) .\u00a0 Gar nicht zu bremsen war die R\u00fcckraumlinke Kerstin Meyer trotz\u00a0 kurzer Deckung . Die 35 -j\u00e4hrige\u00a0 traf vierzehnmal , davon vier Treffer vom &#8222;Strafwurfpunkt&#8220;. Ulrike Wielenberg ( 5 ), Verena St\u00e4rk ( 4 ),\u00a0 Johanna Gravemeyer ( 2 ) , Nadine Brokamp ,\u00a0 Vanessa Heitmann, Kerstin Lehmkuhl und Maike Lange konnten sich in die Osterfeiner Torsch\u00fctzliste eintragen .\u00a0 Weiter gehts f\u00fcr uns mit einem Gastspiel am ungewohnten Freitagabend\u00a0\u00a0 ( 4. Dezember 2015\u00a0 , 20 Uhr )\u00a0 &#8211;\u00a0 beim\u00a0\u00a0 SV Cappeln I. Unser &#8220; Rezept &#8220;\u00a0 f\u00fcr einen Sieg im Nachbarkreis :\u00a0 Teamspirit\u00a0 ,\u00a0 Laufen\u00a0 und\u00a0\u00a0 Tore\u00a0 , Tore,\u00a0 Tore &#8230;<\/div>\n<div>\u00a0<\/div>\n<\/div>\n","protected":false},"excerpt":{"rendered":"<p>Handball &#8211; Regionsliga Damen \u00a0 Im Kr\u00e4ftemessen der &#8220; Dritten &#8211; Mannschaften &#8220; verlor SW Osterfeine III das Heimspiel gegen SV Holdorf III\u00a0 14 &#8211; 20\u00a0\u00a0 und eine Woche sp\u00e4ter gab es beim Regionsoberligaabsteiger GW M\u00fchlen III\u00a0 eine\u00a0 27-13\u00a0 ( 11-3 ) -Niederlage . Unser gr\u00f6\u00dftes Manko ist der ausbauf\u00e4hige Offensivdrang , gegen\u00a0 den Tabellendritten [&hellip;]<\/p>\n","protected":false},"author":3,"featured_media":0,"comment_status":"closed","ping_status":"closed","sticky":false,"template":"","format":"standard","meta":{"footnotes":""},"categories":[1],"tags":[],"_links":{"self":[{"href":"https:\/\/sw-osterfeine.de\/index.php?rest_route=\/wp\/v2\/posts\/15322"}],"collection":[{"href":"https:\/\/sw-osterfeine.de\/index.php?rest_route=\/wp\/v2\/posts"}],"about":[{"href":"https:\/\/sw-osterfeine.de\/index.php?rest_route=\/wp\/v2\/types\/post"}],"author":[{"embeddable":true,"href":"https:\/\/sw-osterfeine.de\/index.php?rest_route=\/wp\/v2\/users\/3"}],"replies":[{"embeddable":true,"href":"https:\/\/sw-osterfeine.de\/index.php?rest_route=%2Fwp%2Fv2%2Fcomments&post=15322"}],"version-history":[{"count":13,"href":"https:\/\/sw-osterfeine.de\/index.php?rest_route=\/wp\/v2\/posts\/15322\/revisions"}],"predecessor-version":[{"id":15335,"href":"https:\/\/sw-osterfeine.de\/index.php?rest_route=\/wp\/v2\/posts\/15322\/revisions\/15335"}],"wp:attachment":[{"href":"https:\/\/sw-osterfeine.de\/index.php?rest_route=%2Fwp%2Fv2%2Fmedia&parent=15322"}],"wp:term":[{"taxonomy":"category","embeddable":true,"href":"https:\/\/sw-osterfeine.de\/index.php?rest_route=%2Fwp%2Fv2%2Fcategories&post=15322"},{"taxonomy":"post_tag","embeddable":true,"href":"https:\/\/sw-osterfeine.de\/index.php?rest_route=%2Fwp%2Fv2%2Ftags&post=15322"}],"curies":[{"name":"wp","href":"https:\/\/api.w.org\/{rel}","templated":true}]}}