{"id":15511,"date":"2015-12-18T08:20:40","date_gmt":"2015-12-18T07:20:40","guid":{"rendered":"http:\/\/sw-osterfeine.de\/?p=15511"},"modified":"2015-12-22T10:04:42","modified_gmt":"2015-12-22T09:04:42","slug":"spielberichte-23-damen","status":"publish","type":"post","link":"https:\/\/sw-osterfeine.de\/?p=15511","title":{"rendered":"Spielberichte 2\/3. Damen"},"content":{"rendered":"<div>\n<div><strong>Hallo Sportfreunde !<\/strong><\/div>\n<div>Folgende Sportnachrichten gibt es im &#8220; Jubil\u00e4umsjahr ( 4O )\u00a0 der Osterfeiner Handballabteilung &#8220; vom 2. Advent:<\/div>\n<div><span style=\"text-decoration: underline;\">\u00a0<\/span><\/div>\n<div><span style=\"text-decoration: underline;\">Damenhandball &#8211; Regionsoberliga<\/span><\/div>\n<div>\u00a0<\/div>\n<div>Kurios ging es vor dem Punktspiel SV Cappeln I &#8211; SW Osterfeine II (4.12.15, Anwurf: 2O Uhr) zu .\u00a0 Um 17.2O Uhr meldete sich der Coach vom SV Cappeln I und bat um eine (kurzfristige)\u00a0 Spielverlegung (wegen Spielermangel aus verschiedenen Gr\u00fcnden). Wir stimmten dem zu . F\u00fcnfundrei\u00dfig Minuten sp\u00e4ter meldete sich der Verantwortliche aus Cappeln zur\u00fcck: Er hatte pl\u00f6tzlich zwei A-Jugendliche und eine reaktivierte 39-j\u00e4hrige Spielerin die eingesetzt werden k\u00f6nnen und wir k\u00f6nnten nun doch diese Begegnung<\/div>\n<div>austragen. Wir sagten daraufhin (mehr oder weniger widerwillig) zu, sch\u00fcttelten mit\u00a0 dem Kopf und verloren daraufhin beim Aufsteiger SV Cappeln I\u00a0 28 &#8211; 2O\u00a0 (15 -1O) .\u00a0 Tore f\u00fcr Osterfeine II : Verena (5) , Amelie (4) , Johanna G . (3), Rebecca (3) , Ulrike (3), Kerstin und Christin .\u00a0<\/div>\n<div>Wir verwarfen f\u00fcnf Strafw\u00fcrfe.\u00a0<\/div>\n<div>Cappeln I war das bessere Team,\u00a0 machte sein letztes Spiel in diesem Jahr (es gibt noch zwei Nachholspiele gegen Cloppenburg II und Steinfeld II) und wir traten frustriert die Heimreise an.<\/div>\n<div>\u00a0<\/div>\n<div><span style=\"text-decoration: underline;\">Damenhandball &#8211; Regionsliga<\/span><\/div>\n<div>&#8220; Hohoho, gebt fein acht, die Dritte hat uns etwas mitgebracht! &#8222;<\/div>\n<div>\u00a0<\/div>\n<div>Gro\u00dfe Freude und Erleichterung gab es im Ausw\u00e4rtsspiel (gleichzeitig die letzte Pflichtaufgabe in diesem Jahr) bei unserer 3. Damenmannschaft.\u00a0 Ihr gelang der &#8222;Nikolausstreich&#8220; beim Tabellensiebten TuS Lemf\u00f6rde II\u00a0 mit einem verdienten 19 -18 &#8211; Erfolg. F\u00fcrdie Schwarz-Wei\u00dfen um Team &#8211; Managerin Kerstin Lehmkuhl war es der erste Saisonsieg . Trotz eines 2 &#8211; Tore &#8211; R\u00fcckstands ,\u00a0 gab die Dritte nie auf , glaubte an sich , zeigte Nerven bei Siebenmeterw\u00fcrfen(es wurden fast alle versenkt).\u00a0 Lara Macke spielte sich in einen Rausch<\/div>\n<div>(bei\u00a0 Tempogegenst\u00f6\u00dfen sah der Gegener nur &#8222;ihre Hacken&#8220;) und Mariska Schewe im SWO &#8211; Kasten beeindruckte mit\u00a0 18 (!) abgewehrten B\u00e4llen.\u00a0 Unser\u00a0 Saisonziel\u00a0 ist Platz 7\u00a0 in der Regionsliga und es ist trotz vier Punkten R\u00fcckstand auf Holdorf III noch alles drin. Lara (9) , Anna-Lena, Sharina, Franziska, Annemarie (die &#8220; trainingsflei\u00dfigste &#8222;) 4\u00a0 undAnne Gronemeyer (3) trafen f\u00fcr ihr Team .\u00a0<\/div>\n<div>Im neuen Jahr gehts weiter mit einem Lokalderby gegen RW Damme\u00a0 (16. Januar 2016,\u00a0 14.3O Uhr). Wir freuen uns mit Cathi (als treue Begleiterin)\u00a0 und den Fans darauf !<\/div>\n<div>\u00a0<\/div>\n<div>&#8211; Andreas Knochenwefel-<\/div>\n<\/div>\n<p>&nbsp;<\/p>\n","protected":false},"excerpt":{"rendered":"<p>Hallo Sportfreunde ! Folgende Sportnachrichten gibt es im &#8220; Jubil\u00e4umsjahr ( 4O )\u00a0 der Osterfeiner Handballabteilung &#8220; vom 2. Advent: \u00a0 Damenhandball &#8211; Regionsoberliga \u00a0 Kurios ging es vor dem Punktspiel SV Cappeln I &#8211; SW Osterfeine II (4.12.15, Anwurf: 2O Uhr) zu .\u00a0 Um 17.2O Uhr meldete sich der Coach vom SV Cappeln I [&hellip;]<\/p>\n","protected":false},"author":3,"featured_media":0,"comment_status":"closed","ping_status":"closed","sticky":false,"template":"","format":"standard","meta":{"footnotes":""},"categories":[1],"tags":[],"_links":{"self":[{"href":"https:\/\/sw-osterfeine.de\/index.php?rest_route=\/wp\/v2\/posts\/15511"}],"collection":[{"href":"https:\/\/sw-osterfeine.de\/index.php?rest_route=\/wp\/v2\/posts"}],"about":[{"href":"https:\/\/sw-osterfeine.de\/index.php?rest_route=\/wp\/v2\/types\/post"}],"author":[{"embeddable":true,"href":"https:\/\/sw-osterfeine.de\/index.php?rest_route=\/wp\/v2\/users\/3"}],"replies":[{"embeddable":true,"href":"https:\/\/sw-osterfeine.de\/index.php?rest_route=%2Fwp%2Fv2%2Fcomments&post=15511"}],"version-history":[{"count":5,"href":"https:\/\/sw-osterfeine.de\/index.php?rest_route=\/wp\/v2\/posts\/15511\/revisions"}],"predecessor-version":[{"id":15557,"href":"https:\/\/sw-osterfeine.de\/index.php?rest_route=\/wp\/v2\/posts\/15511\/revisions\/15557"}],"wp:attachment":[{"href":"https:\/\/sw-osterfeine.de\/index.php?rest_route=%2Fwp%2Fv2%2Fmedia&parent=15511"}],"wp:term":[{"taxonomy":"category","embeddable":true,"href":"https:\/\/sw-osterfeine.de\/index.php?rest_route=%2Fwp%2Fv2%2Fcategories&post=15511"},{"taxonomy":"post_tag","embeddable":true,"href":"https:\/\/sw-osterfeine.de\/index.php?rest_route=%2Fwp%2Fv2%2Ftags&post=15511"}],"curies":[{"name":"wp","href":"https:\/\/api.w.org\/{rel}","templated":true}]}}