{"id":15538,"date":"2015-12-21T11:25:11","date_gmt":"2015-12-21T10:25:11","guid":{"rendered":"http:\/\/sw-osterfeine.de\/?p=15538"},"modified":"2015-12-21T11:25:11","modified_gmt":"2015-12-21T10:25:11","slug":"bw-lohne-sv-sw-osterfeine-14-14-hz-9-12","status":"publish","type":"post","link":"https:\/\/sw-osterfeine.de\/?p=15538","title":{"rendered":"BW Lohne &#8211; SV SW Osterfeine: 14 &#8211; 14, Hz 9 &#8211; 12"},"content":{"rendered":"<p>Die Mannschaft nebst Trainer plagte in den vergangenen 14 Tagen ein Virus, so dass kaum trainiert werden konnte. Das ganze Team war v\u00f6llig entkr\u00e4ftet. In der ersten H\u00e4lfte ging noch ein wenig, so dass wir trotz &#8222;erzwungenem Standhandball&#8220; mit 12 zu 9 in die Pause gingen. In der zweiten Halbzeit war mein Team dann aber stehend k.o. Alle wollten an die guten Leistungen der letzten Monate ankn\u00fcpfen, aber die Kraft lie\u00df es einfach nicht zu. Es gelangen uns gerade mal noch zwei Tore. Lohne k\u00e4mpfte aufopferungsvoll, es gelang ihnen aber auch nur sehr wenig, so dass ein sehr tempo- und torarmes Spiel dann unentschieden endete. Ich kann den M\u00e4dels aber keinerlei Vorwurf machen. Im Gegenteil: Dass sie sich durchgebissen haben und sogar ein Unentschieden rausholten ist unter diesen Bedingungen wirklich respektabel. Ein Sonderlob gibt es f\u00fcr Jessi (4 Tore), die sich trotz starker Schmerzen reinkniete, und Vanessa (2 Tore). Mit 19-1 Punkten geht ein Jahr ohne Niederlage zu Ende. Wir sind sehr zufrieden, m\u00fcssen jetzt aber dringend wieder zu Kr\u00e4ften kommen. Viele Spielerinnen sind angeschlagen und brauchen eine Pause. Das ist der Nachteil an unserem &#8222;Mini-Kader&#8220;.<\/p>\n<p>Die WJB bedankt sich bei Vorstand, Gesch\u00e4ftsstelle, Sponsoren, Eltern und Fans f\u00fcr ein tolles Handballjahr. Wir w\u00fcnschen allen tolle Feiertage und f\u00fcr das kommende Jahr alles erdenklich Gute!<\/p>\n<p>Weitere Tore: Julia 5\/1 Hannah 1 Elisa 1 Anna W. 1<\/p>\n<p>Hinweis: Im Spiel gegen Lemf\u00f6rde zog sich unsere Leistungstr\u00e4gerin Anna Bley ohne Fremdeinwirkung eine schwere Knieverletzung zu. Nach erster Diagnose wird ein Kreuzbandriss bef\u00fcrchtet. Anna war in den vergangenen Monaten eine absolute Leistungstr\u00e4gerin! Sie ist menschlich und sportlich absolut unersetzbar und ihre Verletzung ist f\u00fcr unseren ohnehin zu kleinen Kader ein herber R\u00fcckschlag. Mannschaft, Trainer, Vorstand, Eltern und Fans dr\u00fccken ihr fest die Daumen, dass sie bald wieder mit uns auf Torejagd gehen kann.<\/p>\n","protected":false},"excerpt":{"rendered":"<p>Die Mannschaft nebst Trainer plagte in den vergangenen 14 Tagen ein Virus, so dass kaum trainiert werden konnte. Das ganze Team war v\u00f6llig entkr\u00e4ftet. In der ersten H\u00e4lfte ging noch ein wenig, so dass wir trotz &#8222;erzwungenem Standhandball&#8220; mit 12 zu 9 in die Pause gingen. In der zweiten Halbzeit war mein Team dann aber [&hellip;]<\/p>\n","protected":false},"author":3,"featured_media":0,"comment_status":"closed","ping_status":"closed","sticky":false,"template":"","format":"standard","meta":{"footnotes":""},"categories":[1],"tags":[],"_links":{"self":[{"href":"https:\/\/sw-osterfeine.de\/index.php?rest_route=\/wp\/v2\/posts\/15538"}],"collection":[{"href":"https:\/\/sw-osterfeine.de\/index.php?rest_route=\/wp\/v2\/posts"}],"about":[{"href":"https:\/\/sw-osterfeine.de\/index.php?rest_route=\/wp\/v2\/types\/post"}],"author":[{"embeddable":true,"href":"https:\/\/sw-osterfeine.de\/index.php?rest_route=\/wp\/v2\/users\/3"}],"replies":[{"embeddable":true,"href":"https:\/\/sw-osterfeine.de\/index.php?rest_route=%2Fwp%2Fv2%2Fcomments&post=15538"}],"version-history":[{"count":1,"href":"https:\/\/sw-osterfeine.de\/index.php?rest_route=\/wp\/v2\/posts\/15538\/revisions"}],"predecessor-version":[{"id":15539,"href":"https:\/\/sw-osterfeine.de\/index.php?rest_route=\/wp\/v2\/posts\/15538\/revisions\/15539"}],"wp:attachment":[{"href":"https:\/\/sw-osterfeine.de\/index.php?rest_route=%2Fwp%2Fv2%2Fmedia&parent=15538"}],"wp:term":[{"taxonomy":"category","embeddable":true,"href":"https:\/\/sw-osterfeine.de\/index.php?rest_route=%2Fwp%2Fv2%2Fcategories&post=15538"},{"taxonomy":"post_tag","embeddable":true,"href":"https:\/\/sw-osterfeine.de\/index.php?rest_route=%2Fwp%2Fv2%2Ftags&post=15538"}],"curies":[{"name":"wp","href":"https:\/\/api.w.org\/{rel}","templated":true}]}}