{"id":15572,"date":"2016-01-04T11:48:41","date_gmt":"2016-01-04T10:48:41","guid":{"rendered":"http:\/\/sw-osterfeine.de\/?p=15572"},"modified":"2016-01-04T11:50:24","modified_gmt":"2016-01-04T10:50:24","slug":"15572","status":"publish","type":"post","link":"https:\/\/sw-osterfeine.de\/?p=15572","title":{"rendered":"Silvesterlauf in M\u00fchlen"},"content":{"rendered":"<p><a href=\"https:\/\/sw-osterfeine.de\/wp-content\/uploads\/2016\/01\/IMG-20151231-WA0003.jpg\" data-rel=\"lightbox-image-0\" data-rl_title=\"\" data-rl_caption=\"\" title=\"\"><img loading=\"lazy\" decoding=\"async\" class=\"aligncenter wp-image-15573 size-medium\" src=\"https:\/\/sw-osterfeine.de\/wp-content\/uploads\/2016\/01\/IMG-20151231-WA0003-300x225.jpg\" alt=\"IMG-20151231-WA0003\" width=\"300\" height=\"225\" srcset=\"https:\/\/sw-osterfeine.de\/wp-content\/uploads\/2016\/01\/IMG-20151231-WA0003-300x225.jpg 300w, https:\/\/sw-osterfeine.de\/wp-content\/uploads\/2016\/01\/IMG-20151231-WA0003-1024x768.jpg 1024w, https:\/\/sw-osterfeine.de\/wp-content\/uploads\/2016\/01\/IMG-20151231-WA0003.jpg 1333w\" sizes=\"(max-width: 300px) 100vw, 300px\" \/><\/a><\/p>\n<p>Es ist mittlerweile schon zur guten Tradition vom Lauftreff SWO geworden das Jahr mit dem Lauf in M\u00fchlen abzuschlie\u00dfen und den bevorstehenden Jahreswechsel gemeinschaftlich im Zelt einzul\u00e4uten. Bereits zum 28. mal fand der Silvesterlauf, organisiert von Gr\u00fcn-Weiss M\u00fchlen, statt und brach den bis dahin alten Teilnehmerrekord. \u00dcber 1300 Teilnehmer wollten, kurz vor der Jahreswende, bei fr\u00fchlingshaftem Wetter am Sportler gegen Hunger-Lauf teilnehmen. Alleine unser LT z\u00e4hlte schon mit 19 L\u00e4ufern zu den gr\u00f6\u00dferen Gruppen neben den Waldschleichern und Triathleten aus Lohne. Der Lauf war, wie immer, bis ins letzte Detail gut durchorganisiert und die Beifall spendeten Zuschauer sowie die Samba Landaya Gruppe aus Badbergen sorgten bei allen L\u00e4ufern f\u00fcr zus\u00e4tzliche Motivation.<\/p>\n<p><!--more--><\/p>\n<p><strong>\u00a0<\/strong><\/p>\n<p><strong>3Km (316 TN):<\/strong><\/p>\n<p>Platz 62 W\u00a0\u00a0\u00a0\u00a0\u00a0\u00a0 Jola Schildmeyer\u00a0\u00a0\u00a0\u00a0\u00a0\u00a0\u00a0\u00a0 17:53.56\u00a0\u00a0\u00a0\u00a0\u00a0\u00a0\u00a0\u00a0\u00a0 AK-Pl. 5<\/p>\n<p><strong>\u00a0<\/strong><\/p>\n<p><strong>6,5 Km (404 TN):<\/strong><\/p>\n<p>Platz 90 M\u00a0\u00a0\u00a0\u00a0\u00a0\u00a0 Ulrich Lampe\u00a0\u00a0\u00a0\u00a0\u00a0\u00a0\u00a0\u00a0\u00a0\u00a0\u00a0\u00a0\u00a0\u00a0 33:06.80\u00a0\u00a0\u00a0\u00a0\u00a0\u00a0\u00a0\u00a0\u00a0 AK-Pl. 13<\/p>\n<p><strong>\u00a0<\/strong><\/p>\n<p><strong>10 Km (583 TN):<\/strong><\/p>\n<p>Platz 6 W\u00a0\u00a0\u00a0\u00a0\u00a0\u00a0\u00a0\u00a0 Erika Hermes\u00a0\u00a0\u00a0\u00a0\u00a0\u00a0\u00a0\u00a0\u00a0\u00a0\u00a0\u00a0\u00a0\u00a0 42:43.99\u00a0\u00a0\u00a0\u00a0\u00a0\u00a0\u00a0\u00a0\u00a0 AK-Pl.2<\/p>\n<p>Platz 18 W\u00a0\u00a0\u00a0\u00a0\u00a0\u00a0 Tine Nienaber\u00a0\u00a0\u00a0\u00a0\u00a0\u00a0\u00a0\u00a0\u00a0\u00a0\u00a0\u00a0\u00a0 46:40.66\u00a0\u00a0\u00a0\u00a0\u00a0\u00a0\u00a0\u00a0\u00a0 AK-Pl.4<\/p>\n<p>Platz 81 W\u00a0\u00a0\u00a0\u00a0\u00a0\u00a0 Sabrina Deters 55:19.07\u00a0\u00a0\u00a0\u00a0\u00a0\u00a0\u00a0\u00a0\u00a0 AK-Pl.25<\/p>\n<p>Platz 89 W\u00a0\u00a0\u00a0\u00a0\u00a0\u00a0 Marina Freking\u00a0\u00a0\u00a0\u00a0\u00a0\u00a0\u00a0\u00a0\u00a0\u00a0\u00a0 56:16.85\u00a0\u00a0\u00a0\u00a0\u00a0\u00a0\u00a0\u00a0\u00a0 AK-Pl.21<\/p>\n<p><strong>\u00a0<\/strong><\/p>\n<p>Platz 23 M\u00a0\u00a0\u00a0\u00a0\u00a0\u00a0 Dawid Wadulla\u00a0\u00a0\u00a0\u00a0\u00a0\u00a0\u00a0\u00a0\u00a0\u00a0\u00a0 38:37.25\u00a0\u00a0\u00a0\u00a0\u00a0\u00a0\u00a0\u00a0\u00a0 AK-Pl.7<\/p>\n<p>Platz 51 M\u00a0\u00a0\u00a0\u00a0\u00a0\u00a0 Franz Steinkamp\u00a0\u00a0\u00a0\u00a0\u00a0\u00a0\u00a0\u00a0\u00a0 40:54.91\u00a0\u00a0\u00a0\u00a0\u00a0\u00a0\u00a0\u00a0\u00a0 AK-Pl.8<\/p>\n<p>Platz 176 M\u00a0\u00a0\u00a0\u00a0 Andreas Robke\u00a0\u00a0\u00a0\u00a0\u00a0\u00a0\u00a0\u00a0\u00a0\u00a0 47:16.46\u00a0\u00a0\u00a0\u00a0\u00a0\u00a0\u00a0\u00a0\u00a0 AK-Pl.44<\/p>\n<p>Platz 202 M\u00a0\u00a0\u00a0\u00a0 Theo M\u00f6nnich\u00a0 48:01.00\u00a0\u00a0\u00a0\u00a0\u00a0\u00a0\u00a0\u00a0\u00a0 AK-Pl.37<\/p>\n<p>Platz 206 M\u00a0\u00a0\u00a0\u00a0 Marco Middendorf\u00a0\u00a0\u00a0\u00a0\u00a0 48:10.33\u00a0\u00a0\u00a0\u00a0\u00a0\u00a0\u00a0\u00a0\u00a0 AK-Pl.48<\/p>\n<p>Platz 214 M\u00a0\u00a0\u00a0\u00a0 J\u00fcrgen Kreinest\u00a0\u00a0\u00a0\u00a0\u00a0\u00a0\u00a0\u00a0\u00a0\u00a0\u00a0 48:30.35\u00a0\u00a0\u00a0\u00a0\u00a0\u00a0\u00a0\u00a0\u00a0 AK-Pl.54<\/p>\n<p>Platz 218 M\u00a0\u00a0\u00a0\u00a0 Markus Niehues\u00a0\u00a0\u00a0\u00a0\u00a0\u00a0\u00a0\u00a0\u00a0 48:38.45\u00a0\u00a0\u00a0\u00a0\u00a0\u00a0\u00a0\u00a0\u00a0 AK-Pl.50<\/p>\n<p>Platz 260 M\u00a0\u00a0\u00a0\u00a0 Marco Otte\u00a0\u00a0\u00a0\u00a0\u00a0\u00a0\u00a0\u00a0\u00a0\u00a0\u00a0\u00a0\u00a0\u00a0\u00a0\u00a0 49:36.60\u00a0\u00a0\u00a0\u00a0\u00a0\u00a0\u00a0\u00a0\u00a0 AK-Pl.71<\/p>\n<p>Platz 281 M\u00a0\u00a0\u00a0\u00a0 \u201eZocker\u201c\u00a0\u00a0\u00a0\u00a0\u00a0\u00a0\u00a0\u00a0\u00a0\u00a0\u00a0\u00a0\u00a0\u00a0\u00a0\u00a0\u00a0\u00a0\u00a0\u00a0 50:07.84\u00a0\u00a0\u00a0\u00a0\u00a0\u00a0\u00a0\u00a0\u00a0 AK-Pl.60<\/p>\n<p>Platz 287 M\u00a0\u00a0\u00a0\u00a0 Frank Nordmann\u00a0\u00a0\u00a0\u00a0\u00a0\u00a0\u00a0\u00a0 50:15.10\u00a0\u00a0\u00a0\u00a0\u00a0\u00a0\u00a0\u00a0\u00a0 AK-Pl.77<\/p>\n<p>Platz 296 M\u00a0\u00a0\u00a0\u00a0 Richard Decker\u00a0\u00a0\u00a0\u00a0\u00a0\u00a0\u00a0\u00a0\u00a0\u00a0 50:41.89\u00a0\u00a0\u00a0\u00a0\u00a0\u00a0\u00a0\u00a0\u00a0 AK-Pl.63<\/p>\n<p>Platz 334 M\u00a0\u00a0\u00a0\u00a0 Olaf Dickmajer\u00a0\u00a0\u00a0\u00a0\u00a0\u00a0\u00a0\u00a0\u00a0\u00a0\u00a0 52:19.28\u00a0\u00a0\u00a0\u00a0\u00a0\u00a0\u00a0\u00a0\u00a0 AK-Pl.91<\/p>\n<p>Platz 339 M\u00a0\u00a0\u00a0\u00a0 Dennis Steinkamp\u00a0\u00a0\u00a0\u00a0\u00a0\u00a0\u00a0 52:40.50\u00a0\u00a0\u00a0\u00a0\u00a0\u00a0\u00a0\u00a0\u00a0 AK-Pl.2<\/p>\n","protected":false},"excerpt":{"rendered":"<p>Es ist mittlerweile schon zur guten Tradition vom Lauftreff SWO geworden das Jahr mit dem Lauf in M\u00fchlen abzuschlie\u00dfen und den bevorstehenden Jahreswechsel gemeinschaftlich im Zelt einzul\u00e4uten. Bereits zum 28. mal fand der Silvesterlauf, organisiert von Gr\u00fcn-Weiss M\u00fchlen, statt und brach den bis dahin alten Teilnehmerrekord. \u00dcber 1300 Teilnehmer wollten, kurz vor der Jahreswende, bei [&hellip;]<\/p>\n","protected":false},"author":3,"featured_media":0,"comment_status":"closed","ping_status":"closed","sticky":false,"template":"","format":"standard","meta":{"footnotes":""},"categories":[38],"tags":[],"_links":{"self":[{"href":"https:\/\/sw-osterfeine.de\/index.php?rest_route=\/wp\/v2\/posts\/15572"}],"collection":[{"href":"https:\/\/sw-osterfeine.de\/index.php?rest_route=\/wp\/v2\/posts"}],"about":[{"href":"https:\/\/sw-osterfeine.de\/index.php?rest_route=\/wp\/v2\/types\/post"}],"author":[{"embeddable":true,"href":"https:\/\/sw-osterfeine.de\/index.php?rest_route=\/wp\/v2\/users\/3"}],"replies":[{"embeddable":true,"href":"https:\/\/sw-osterfeine.de\/index.php?rest_route=%2Fwp%2Fv2%2Fcomments&post=15572"}],"version-history":[{"count":4,"href":"https:\/\/sw-osterfeine.de\/index.php?rest_route=\/wp\/v2\/posts\/15572\/revisions"}],"predecessor-version":[{"id":15577,"href":"https:\/\/sw-osterfeine.de\/index.php?rest_route=\/wp\/v2\/posts\/15572\/revisions\/15577"}],"wp:attachment":[{"href":"https:\/\/sw-osterfeine.de\/index.php?rest_route=%2Fwp%2Fv2%2Fmedia&parent=15572"}],"wp:term":[{"taxonomy":"category","embeddable":true,"href":"https:\/\/sw-osterfeine.de\/index.php?rest_route=%2Fwp%2Fv2%2Fcategories&post=15572"},{"taxonomy":"post_tag","embeddable":true,"href":"https:\/\/sw-osterfeine.de\/index.php?rest_route=%2Fwp%2Fv2%2Ftags&post=15572"}],"curies":[{"name":"wp","href":"https:\/\/api.w.org\/{rel}","templated":true}]}}