{"id":15584,"date":"2016-01-08T12:51:45","date_gmt":"2016-01-08T11:51:45","guid":{"rendered":"http:\/\/sw-osterfeine.de\/?p=15584"},"modified":"2016-01-08T13:02:09","modified_gmt":"2016-01-08T12:02:09","slug":"lauftreff-kids","status":"publish","type":"post","link":"https:\/\/sw-osterfeine.de\/?p=15584","title":{"rendered":"Lauftreff Kids"},"content":{"rendered":"<div>Das Training der Kids f\u00e4ngt am Mittwoch den 13.01.2016 wieder an, wie gewohnt um 17. 00 Uhr Treffpunkt Sportplatz R\u00fcschendorf. Vorausgesetzt das Wetter l\u00e4sst es zu.<\/div>\n<div>\u00a0<\/div>\n<div>Hier bereits der vorl\u00e4ufige Laufkalender 2016<\/div>\n<div>\u00a0<\/div>\n<div><a href=\"https:\/\/sw-osterfeine.de\/wp-content\/uploads\/2013\/06\/Lauftreff-Kalender-Kids-2016.jpg\" data-rel=\"lightbox-image-0\" data-rl_title=\"\" data-rl_caption=\"\" title=\"\"><img loading=\"lazy\" decoding=\"async\" class=\"size-medium wp-image-15587 alignleft\" src=\"https:\/\/sw-osterfeine.de\/wp-content\/uploads\/2013\/06\/Lauftreff-Kalender-Kids-2016-212x300.jpg\" alt=\"Lauftreff Kalender Kids 2016\" width=\"212\" height=\"300\" srcset=\"https:\/\/sw-osterfeine.de\/wp-content\/uploads\/2013\/06\/Lauftreff-Kalender-Kids-2016-212x300.jpg 212w, https:\/\/sw-osterfeine.de\/wp-content\/uploads\/2013\/06\/Lauftreff-Kalender-Kids-2016.jpg 707w\" sizes=\"(max-width: 212px) 100vw, 212px\" \/><\/a><\/div>\n<div>\u00a0<\/div>\n<p>&nbsp;<\/p>\n","protected":false},"excerpt":{"rendered":"<p>Das Training der Kids f\u00e4ngt am Mittwoch den 13.01.2016 wieder an, wie gewohnt um 17. 00 Uhr Treffpunkt Sportplatz R\u00fcschendorf. Vorausgesetzt das Wetter l\u00e4sst es zu. \u00a0 Hier bereits der vorl\u00e4ufige Laufkalender 2016 \u00a0 \u00a0 &nbsp;<\/p>\n","protected":false},"author":3,"featured_media":0,"comment_status":"closed","ping_status":"closed","sticky":false,"template":"","format":"standard","meta":{"footnotes":""},"categories":[38],"tags":[],"_links":{"self":[{"href":"https:\/\/sw-osterfeine.de\/index.php?rest_route=\/wp\/v2\/posts\/15584"}],"collection":[{"href":"https:\/\/sw-osterfeine.de\/index.php?rest_route=\/wp\/v2\/posts"}],"about":[{"href":"https:\/\/sw-osterfeine.de\/index.php?rest_route=\/wp\/v2\/types\/post"}],"author":[{"embeddable":true,"href":"https:\/\/sw-osterfeine.de\/index.php?rest_route=\/wp\/v2\/users\/3"}],"replies":[{"embeddable":true,"href":"https:\/\/sw-osterfeine.de\/index.php?rest_route=%2Fwp%2Fv2%2Fcomments&post=15584"}],"version-history":[{"count":2,"href":"https:\/\/sw-osterfeine.de\/index.php?rest_route=\/wp\/v2\/posts\/15584\/revisions"}],"predecessor-version":[{"id":15594,"href":"https:\/\/sw-osterfeine.de\/index.php?rest_route=\/wp\/v2\/posts\/15584\/revisions\/15594"}],"wp:attachment":[{"href":"https:\/\/sw-osterfeine.de\/index.php?rest_route=%2Fwp%2Fv2%2Fmedia&parent=15584"}],"wp:term":[{"taxonomy":"category","embeddable":true,"href":"https:\/\/sw-osterfeine.de\/index.php?rest_route=%2Fwp%2Fv2%2Fcategories&post=15584"},{"taxonomy":"post_tag","embeddable":true,"href":"https:\/\/sw-osterfeine.de\/index.php?rest_route=%2Fwp%2Fv2%2Ftags&post=15584"}],"curies":[{"name":"wp","href":"https:\/\/api.w.org\/{rel}","templated":true}]}}