{"id":15598,"date":"2016-01-11T11:06:53","date_gmt":"2016-01-11T10:06:53","guid":{"rendered":"http:\/\/sw-osterfeine.de\/?p=15598"},"modified":"2016-01-11T11:06:53","modified_gmt":"2016-01-11T10:06:53","slug":"erste-d-jugend-landet-auf-hervorragenden-platz-5-bei-der-hallenkreismeisterschaft","status":"publish","type":"post","link":"https:\/\/sw-osterfeine.de\/?p=15598","title":{"rendered":"Erste D- Jugend landet auf hervorragenden Platz 5 bei der Hallenkreismeisterschaft."},"content":{"rendered":"<p>Anfang Dezember ging es f\u00fcr unsere 1. D-Jugend unter dem Trainer Frank B\u00f6ckmann und den beiden Betreuern Johannes und Lukas Decker an den Start zur Hallenkreismeisterschaft. An zwei Vorrundenspieltagen konnten unsere Jungs, angefeuert vom heimischen Publikum, den Heimvorteil nutzen und dank einer sehr guten Mannschaftsleistung die Qualifikation in die Endrunde schaffen. Der 2. Platz in der Vorrunde war das Ticket f\u00fcr die Endrunde der Leistungsklasse 1.<\/p>\n<p>Und so ging es dann wenige Tage vor Weihnachten unterst\u00fctzt von vielen Eltern auf die Reise nach Visbek. Es sollte ein Turnier auf h\u00f6chstem Kreisliganiveau werden, denn es hatten sich mit Damme, Dinklage, Lohne, SG Rechterfeld\/Goldenstedt und Visbek ausschlie\u00dflich Kreisligisten qualifiziert. Neben Simon, Georg und Luca vom SWO standen etliche Spieler vom DFB-St\u00fctzpunkt Lohne der Jahrg\u00e4nge 2004 und 2003 auf dem Platz. Nach f\u00fcnf kr\u00e4ftezehrenden Spielen und \u00e4u\u00dferst knappen Spielverl\u00e4ufen konnten unsere Jungs am Ende die Medaillen und die Urkunde entgegen nehmen. Platz 5 im Kreis Vechta. Mit im Kader waren noch Thorben Brokamp, Heinrich Kruthaup, Adrian Rehling, Moritz Lampe und Louis B\u00f6ckmann. \u00a0Ein sportlich gelungener Abschluss des Jahres 2015.<\/p>\n<p>&nbsp;<\/p>\n<p>F\u00fcr die 1. D- Jugend<\/p>\n<p>Jens von der Heide<\/p>\n","protected":false},"excerpt":{"rendered":"<p>Anfang Dezember ging es f\u00fcr unsere 1. D-Jugend unter dem Trainer Frank B\u00f6ckmann und den beiden Betreuern Johannes und Lukas Decker an den Start zur Hallenkreismeisterschaft. An zwei Vorrundenspieltagen konnten unsere Jungs, angefeuert vom heimischen Publikum, den Heimvorteil nutzen und dank einer sehr guten Mannschaftsleistung die Qualifikation in die Endrunde schaffen. Der 2. Platz in [&hellip;]<\/p>\n","protected":false},"author":3,"featured_media":0,"comment_status":"closed","ping_status":"closed","sticky":false,"template":"","format":"standard","meta":{"footnotes":""},"categories":[3],"tags":[],"_links":{"self":[{"href":"https:\/\/sw-osterfeine.de\/index.php?rest_route=\/wp\/v2\/posts\/15598"}],"collection":[{"href":"https:\/\/sw-osterfeine.de\/index.php?rest_route=\/wp\/v2\/posts"}],"about":[{"href":"https:\/\/sw-osterfeine.de\/index.php?rest_route=\/wp\/v2\/types\/post"}],"author":[{"embeddable":true,"href":"https:\/\/sw-osterfeine.de\/index.php?rest_route=\/wp\/v2\/users\/3"}],"replies":[{"embeddable":true,"href":"https:\/\/sw-osterfeine.de\/index.php?rest_route=%2Fwp%2Fv2%2Fcomments&post=15598"}],"version-history":[{"count":1,"href":"https:\/\/sw-osterfeine.de\/index.php?rest_route=\/wp\/v2\/posts\/15598\/revisions"}],"predecessor-version":[{"id":15599,"href":"https:\/\/sw-osterfeine.de\/index.php?rest_route=\/wp\/v2\/posts\/15598\/revisions\/15599"}],"wp:attachment":[{"href":"https:\/\/sw-osterfeine.de\/index.php?rest_route=%2Fwp%2Fv2%2Fmedia&parent=15598"}],"wp:term":[{"taxonomy":"category","embeddable":true,"href":"https:\/\/sw-osterfeine.de\/index.php?rest_route=%2Fwp%2Fv2%2Fcategories&post=15598"},{"taxonomy":"post_tag","embeddable":true,"href":"https:\/\/sw-osterfeine.de\/index.php?rest_route=%2Fwp%2Fv2%2Ftags&post=15598"}],"curies":[{"name":"wp","href":"https:\/\/api.w.org\/{rel}","templated":true}]}}