{"id":15603,"date":"2016-01-11T18:57:32","date_gmt":"2016-01-11T17:57:32","guid":{"rendered":"http:\/\/sw-osterfeine.de\/?p=15603"},"modified":"2016-01-11T19:00:31","modified_gmt":"2016-01-11T18:00:31","slug":"langfoerden-sportler-gegen-hunger-lauf","status":"publish","type":"post","link":"https:\/\/sw-osterfeine.de\/?p=15603","title":{"rendered":"Langf\u00f6rden Sportler gegen Hunger Lauf"},"content":{"rendered":"<p>Am Samstag den 09.01.2016 fand bei kalten 4\u00b0C der erste Lauf des Jahres 2016 statt. Nachdem der Lauf im Jahre 2015 buchst\u00e4blich ins Wasser gefallen ist hatten wir in diesem Jahr ein top Wetter und somit optimale Bedingungen. Gestartet wurde an diesem Samstag auf dem rutschigen Parkplatz des Sportvereins BW Langf\u00f6rden. Um 14.00Uhr ging es auf den matschigen aber eisfreien 6km\/11km und 21km langen Rundkurs durch den sonnigen Nordkreis. Mit insgesamt acht Startern des Lauftreff Osterfeine waren wir in allen drei Distanzen gut aufgestellt. Nachdem auch die letzten 1,5Kilomter querfeldein \u00fcber einen Aker auch ohne St\u00fcrze und Knochenbr\u00fcche \u00fcberwunden war, sind alle im Ziel angekommen. Besonders Jannik Steinkamp hat sich als j\u00fcngster Starter des 6km Laufes durchgek\u00e4mpft und wurde daf\u00fcr sp\u00e4ter vom Sportverein BW Langf\u00f6rden mit einem Sonderpreis f\u00fcr seine Leistungen ausgezeichnet. Kaffee und Kuchen schmeckten uns allen natr\u00fcrlich nach der anstrengenden Tour besonders gut. Eine Apfelkiste als Preis haben wir zwar nicht ergattern k\u00f6nnen, allerdings konnten wir einge Urkunden mit nach Hause nehmen.<\/p>\n<p>&nbsp;<\/p>\n<p><span style=\"text-decoration: underline;\"><strong>Unsere Ergebnisse im \u00dcberblick:<\/strong><\/span><\/p>\n<p><strong>6 Km M\u00e4nner \/ 71 Teilnehmer<\/strong><\/p>\n<p>Jannik Steinkamp\u00a0\u00a0\u00a0\u00a0 Platz 34\u00a0\u00a0\u00a0\u00a0\u00a0\u00a0\u00a0\u00a0\u00a0 0:31:51 Min.<\/p>\n<p><!--more--><\/p>\n<p>&nbsp;<\/p>\n<p><strong>11 Km M\u00e4nner \/ 106 Teilnehmer<\/strong><\/p>\n<p>Theo M\u00f6nnich\u00a0\u00a0\u00a0\u00a0\u00a0\u00a0\u00a0\u00a0\u00a0\u00a0\u00a0\u00a0\u00a0\u00a0\u00a0\u00a0\u00a0\u00a0\u00a0\u00a0\u00a0\u00a0 Platz 57\u00a0\u00a0\u00a0\u00a0\u00a0\u00a0\u00a0\u00a0\u00a0 58:56 Min.<\/p>\n<p>Frank Nordmann\u00a0\u00a0\u00a0\u00a0\u00a0\u00a0\u00a0\u00a0\u00a0\u00a0\u00a0\u00a0\u00a0\u00a0\u00a0\u00a0\u00a0 Platz 70\u00a0\u00a0\u00a0\u00a0\u00a0\u00a0\u00a0\u00a0\u00a0 01:00:48 Min.<\/p>\n<p>Richard Decker\u00a0\u00a0\u00a0\u00a0\u00a0\u00a0\u00a0\u00a0\u00a0\u00a0\u00a0\u00a0\u00a0\u00a0\u00a0\u00a0\u00a0\u00a0\u00a0 Platz 78\u00a0\u00a0\u00a0\u00a0\u00a0\u00a0\u00a0\u00a0\u00a0 01:02:27 Min.<\/p>\n<p>Dennis Steinkamp\u00a0\u00a0\u00a0 Platz 92\u00a0\u00a0\u00a0\u00a0\u00a0\u00a0\u00a0\u00a0\u00a0 01:05:55 Min.<\/p>\n<p>&nbsp;<\/p>\n<p><strong>21 Km Frauen \/ 16 Teilnehmer<\/strong><\/p>\n<p>Erika Hermes\u00a0\u00a0\u00a0\u00a0\u00a0\u00a0\u00a0\u00a0\u00a0\u00a0\u00a0\u00a0\u00a0\u00a0\u00a0\u00a0\u00a0\u00a0\u00a0\u00a0\u00a0\u00a0 Platz 5\u00a0\u00a0\u00a0\u00a0\u00a0\u00a0\u00a0\u00a0\u00a0\u00a0\u00a0 01:48:48 Min.<\/p>\n<p>Tine Nienaber\u00a0\u00a0\u00a0\u00a0\u00a0\u00a0\u00a0\u00a0\u00a0\u00a0\u00a0\u00a0\u00a0\u00a0\u00a0\u00a0\u00a0\u00a0\u00a0\u00a0\u00a0\u00a0 Platz 8\u00a0\u00a0\u00a0\u00a0\u00a0\u00a0\u00a0\u00a0\u00a0\u00a0\u00a0 01:54:50 Min.<\/p>\n<p>&nbsp;<\/p>\n<p><strong>21 Km M\u00e4nner \/ 42 Teilnehmer<\/strong><\/p>\n<p>Franz Steinkamp\u00a0\u00a0\u00a0\u00a0\u00a0\u00a0\u00a0\u00a0\u00a0\u00a0\u00a0\u00a0\u00a0\u00a0\u00a0\u00a0\u00a0 Platz 30\u00a0\u00a0\u00a0\u00a0\u00a0\u00a0\u00a0\u00a0\u00a0 01:57:14 Min.<\/p>\n<p>Olaf Dickmajer\u00a0\u00a0\u00a0\u00a0\u00a0\u00a0\u00a0\u00a0\u00a0\u00a0\u00a0\u00a0\u00a0\u00a0\u00a0\u00a0\u00a0\u00a0\u00a0\u00a0 Platz 38\u00a0\u00a0\u00a0\u00a0\u00a0\u00a0\u00a0\u00a0\u00a0 02:03:40 Min.<\/p>\n<p>\u00a0<a href=\"https:\/\/sw-osterfeine.de\/wp-content\/uploads\/2016\/01\/1.jpg\" data-rel=\"lightbox-image-0\" data-rl_title=\"\" data-rl_caption=\"\" title=\"\"><img loading=\"lazy\" decoding=\"async\" class=\"aligncenter size-medium wp-image-15605\" src=\"https:\/\/sw-osterfeine.de\/wp-content\/uploads\/2016\/01\/1-300x176.jpg\" alt=\"1\" width=\"300\" height=\"176\" srcset=\"https:\/\/sw-osterfeine.de\/wp-content\/uploads\/2016\/01\/1-300x176.jpg 300w, https:\/\/sw-osterfeine.de\/wp-content\/uploads\/2016\/01\/1.jpg 1024w\" sizes=\"(max-width: 300px) 100vw, 300px\" \/><\/a> <a href=\"https:\/\/sw-osterfeine.de\/wp-content\/uploads\/2016\/01\/2.jpg\" data-rel=\"lightbox-image-1\" data-rl_title=\"\" data-rl_caption=\"\" title=\"\"><img loading=\"lazy\" decoding=\"async\" class=\"aligncenter size-medium wp-image-15606\" src=\"https:\/\/sw-osterfeine.de\/wp-content\/uploads\/2016\/01\/2-300x279.jpg\" alt=\"2\" width=\"300\" height=\"279\" srcset=\"https:\/\/sw-osterfeine.de\/wp-content\/uploads\/2016\/01\/2-300x279.jpg 300w, https:\/\/sw-osterfeine.de\/wp-content\/uploads\/2016\/01\/2.jpg 960w\" sizes=\"(max-width: 300px) 100vw, 300px\" \/><\/a><\/p>\n<p>&nbsp;<\/p>\n","protected":false},"excerpt":{"rendered":"<p>Am Samstag den 09.01.2016 fand bei kalten 4\u00b0C der erste Lauf des Jahres 2016 statt. Nachdem der Lauf im Jahre 2015 buchst\u00e4blich ins Wasser gefallen ist hatten wir in diesem Jahr ein top Wetter und somit optimale Bedingungen. Gestartet wurde an diesem Samstag auf dem rutschigen Parkplatz des Sportvereins BW Langf\u00f6rden. Um 14.00Uhr ging es [&hellip;]<\/p>\n","protected":false},"author":3,"featured_media":0,"comment_status":"closed","ping_status":"closed","sticky":false,"template":"","format":"standard","meta":{"footnotes":""},"categories":[38],"tags":[],"_links":{"self":[{"href":"https:\/\/sw-osterfeine.de\/index.php?rest_route=\/wp\/v2\/posts\/15603"}],"collection":[{"href":"https:\/\/sw-osterfeine.de\/index.php?rest_route=\/wp\/v2\/posts"}],"about":[{"href":"https:\/\/sw-osterfeine.de\/index.php?rest_route=\/wp\/v2\/types\/post"}],"author":[{"embeddable":true,"href":"https:\/\/sw-osterfeine.de\/index.php?rest_route=\/wp\/v2\/users\/3"}],"replies":[{"embeddable":true,"href":"https:\/\/sw-osterfeine.de\/index.php?rest_route=%2Fwp%2Fv2%2Fcomments&post=15603"}],"version-history":[{"count":2,"href":"https:\/\/sw-osterfeine.de\/index.php?rest_route=\/wp\/v2\/posts\/15603\/revisions"}],"predecessor-version":[{"id":15607,"href":"https:\/\/sw-osterfeine.de\/index.php?rest_route=\/wp\/v2\/posts\/15603\/revisions\/15607"}],"wp:attachment":[{"href":"https:\/\/sw-osterfeine.de\/index.php?rest_route=%2Fwp%2Fv2%2Fmedia&parent=15603"}],"wp:term":[{"taxonomy":"category","embeddable":true,"href":"https:\/\/sw-osterfeine.de\/index.php?rest_route=%2Fwp%2Fv2%2Fcategories&post=15603"},{"taxonomy":"post_tag","embeddable":true,"href":"https:\/\/sw-osterfeine.de\/index.php?rest_route=%2Fwp%2Fv2%2Ftags&post=15603"}],"curies":[{"name":"wp","href":"https:\/\/api.w.org\/{rel}","templated":true}]}}