{"id":15624,"date":"2016-01-14T10:43:10","date_gmt":"2016-01-14T09:43:10","guid":{"rendered":"http:\/\/sw-osterfeine.de\/?p=15624"},"modified":"2016-01-14T11:21:55","modified_gmt":"2016-01-14T10:21:55","slug":"derbyzeit","status":"publish","type":"post","link":"https:\/\/sw-osterfeine.de\/?p=15624","title":{"rendered":"Ferienbetreuung Osterferien 2016"},"content":{"rendered":"<p>Wie auch schon im vergangenem Jahr wird auch dieses Jahr wieder eine Ferienbetreuung in den Osterferien stattfinden.<\/p>\n<p>Von Montag, den <strong>21.03.<\/strong> bis Donnerstag, den <strong>24.03.2016<\/strong> k\u00f6nnen die Kinder von <strong>09.00 &#8211; 16.00 Uhr<\/strong> in der Halle toben und spielen. Berufst\u00e4tige Eltern k\u00f6nnen ihre Kinder auch schon um 08.00 Uhr zu uns bringen. Geplant ist ein <strong>abwechslungsreiches Spiel-und Sportprogramm<\/strong>, unter anderem mit einem kleinen Fu\u00dfball\/V\u00f6lkerballturnier. Am Nachmittag k\u00f6nnen sich die Kinder auch in den Clubraum zur\u00fcckziehen und Gesellschaftsspiele spielen oder malen. Jeder wie er m\u00f6chte.<\/p>\n<p>Das Mittagessen und Obst f\u00fcr zwischendurch wird gestellt, ebenso wie Wasser und Apfelsaft. \u00dcber eine freiwillige Spende f\u00fcr die Jugendarbeit w\u00fcrde sich der Verein nat\u00fcrlich sehr freuen.<\/p>\n<p>Anmeldeschluss ist der <strong>14.03.2016<\/strong>.<\/p>\n<p>&nbsp;<\/p>\n<p>&nbsp;<\/p>\n<p>\u00a0<a href=\"https:\/\/sw-osterfeine.de\/wp-content\/uploads\/2016\/01\/Ferienbetreuung.jpg\" data-rel=\"lightbox-image-0\" data-rl_title=\"\" data-rl_caption=\"\" title=\"\"><img loading=\"lazy\" decoding=\"async\" class=\"size-medium wp-image-15631 alignleft\" src=\"https:\/\/sw-osterfeine.de\/wp-content\/uploads\/2016\/01\/Ferienbetreuung-212x300.jpg\" alt=\"Ferienbetreuung\" width=\"212\" height=\"300\" srcset=\"https:\/\/sw-osterfeine.de\/wp-content\/uploads\/2016\/01\/Ferienbetreuung-212x300.jpg 212w, https:\/\/sw-osterfeine.de\/wp-content\/uploads\/2016\/01\/Ferienbetreuung-723x1024.jpg 723w\" sizes=\"(max-width: 212px) 100vw, 212px\" \/><\/a><\/p>\n<p>&nbsp;<\/p>\n<p>&nbsp;<\/p>\n<p>&nbsp;<\/p>\n<p>&nbsp;<\/p>\n<p>&nbsp;<\/p>\n<p>&nbsp;<\/p>\n<p>&nbsp;<\/p>\n<p>&nbsp;<\/p>\n<p style=\"text-align: left;\">\u00a0<\/p>\n<p style=\"text-align: left;\">\u00a0<\/p>\n<p style=\"text-align: left;\">\u00a0<\/p>\n<p style=\"text-align: left;\">\u00a0<\/p>\n<p style=\"text-align: left;\"><a href=\"https:\/\/sw-osterfeine.de\/wp-content\/uploads\/2016\/01\/Ferienbetreuung-2016.pdf\">Anmeldung als pdf-Datei<\/a><\/p>\n","protected":false},"excerpt":{"rendered":"<p>Wie auch schon im vergangenem Jahr wird auch dieses Jahr wieder eine Ferienbetreuung in den Osterferien stattfinden. Von Montag, den 21.03. bis Donnerstag, den 24.03.2016 k\u00f6nnen die Kinder von 09.00 &#8211; 16.00 Uhr in der Halle toben und spielen. Berufst\u00e4tige Eltern k\u00f6nnen ihre Kinder auch schon um 08.00 Uhr zu uns bringen. Geplant ist ein [&hellip;]<\/p>\n","protected":false},"author":3,"featured_media":0,"comment_status":"closed","ping_status":"closed","sticky":false,"template":"","format":"standard","meta":{"footnotes":""},"categories":[37],"tags":[],"_links":{"self":[{"href":"https:\/\/sw-osterfeine.de\/index.php?rest_route=\/wp\/v2\/posts\/15624"}],"collection":[{"href":"https:\/\/sw-osterfeine.de\/index.php?rest_route=\/wp\/v2\/posts"}],"about":[{"href":"https:\/\/sw-osterfeine.de\/index.php?rest_route=\/wp\/v2\/types\/post"}],"author":[{"embeddable":true,"href":"https:\/\/sw-osterfeine.de\/index.php?rest_route=\/wp\/v2\/users\/3"}],"replies":[{"embeddable":true,"href":"https:\/\/sw-osterfeine.de\/index.php?rest_route=%2Fwp%2Fv2%2Fcomments&post=15624"}],"version-history":[{"count":7,"href":"https:\/\/sw-osterfeine.de\/index.php?rest_route=\/wp\/v2\/posts\/15624\/revisions"}],"predecessor-version":[{"id":15638,"href":"https:\/\/sw-osterfeine.de\/index.php?rest_route=\/wp\/v2\/posts\/15624\/revisions\/15638"}],"wp:attachment":[{"href":"https:\/\/sw-osterfeine.de\/index.php?rest_route=%2Fwp%2Fv2%2Fmedia&parent=15624"}],"wp:term":[{"taxonomy":"category","embeddable":true,"href":"https:\/\/sw-osterfeine.de\/index.php?rest_route=%2Fwp%2Fv2%2Fcategories&post=15624"},{"taxonomy":"post_tag","embeddable":true,"href":"https:\/\/sw-osterfeine.de\/index.php?rest_route=%2Fwp%2Fv2%2Ftags&post=15624"}],"curies":[{"name":"wp","href":"https:\/\/api.w.org\/{rel}","templated":true}]}}